{"id":2983,"date":"2025-11-15T16:34:53","date_gmt":"2025-11-15T15:34:53","guid":{"rendered":"https:\/\/www.autocar.brussels\/?p=2983"},"modified":"2025-11-16T00:15:42","modified_gmt":"2025-11-15T23:15:42","slug":"services-de-location-autocar-bruxelles","status":"publish","type":"post","link":"https:\/\/www.autocar.brussels\/fr\/evenements\/services-de-location-autocar-bruxelles\/","title":{"rendered":"Services de Location Autocar Bruxelles"},"content":{"rendered":"<p>Dans ce guide pratique, vous apprendrez comment choisir et r\u00e9server des services de location d&rsquo;autocar \u00e0 Bruxelles pour vos transferts, voyages scolaires, d\u00e9placements professionnels ou \u00e9v\u00e9nements priv\u00e9s; vous d\u00e9couvrirez les crit\u00e8res essentiels \u2014 confort, s\u00e9curit\u00e9, chauffeurs exp\u00e9riment\u00e9s \u2014 et comment comparer les offres pour optimiser votre budget et gagner du temps. Pour plus d&rsquo;informations, <a href=\"https:\/\/www.locationautocar.be\/.\">consultez<\/a><\/p>\n<h3>Key Takeaways:<\/h3>\n<ul>\n<li>\u00c9quipe de conseillers exp\u00e9riment\u00e9s disponible 24h\/24 pour garantir la satisfaction client.<\/li>\n<li>Cahier des charges strict ax\u00e9 sur le confort, la s\u00e9curit\u00e9, l\u2019accueil et le professionnalisme.<\/li>\n<li>Gestion syst\u00e9matique des r\u00e9clamations avec actions correctives et r\u00e9ponses rapides.<\/li>\n<li>Voyages scolaires sur mesure, organisation compl\u00e8te quel que soit le nombre d\u2019\u00e9l\u00e8ves.<\/li>\n<li>Transferts a\u00e9roports fiables : prise en charge \u00e0 l\u2019arriv\u00e9e, gestion des bagages et trajets sans stress.<\/li>\n<li>D\u00e9placements professionnels et priv\u00e9s flexibles avec bus adapt\u00e9s, chauffeurs exp\u00e9riment\u00e9s et tarification transparente.<\/li>\n<li>Plus d\u2019informations et r\u00e9servations sur <a href=\"https:\/\/www.locationautocar.be\/\">https:\/\/www.locationautocar.be\/<\/a><\/li>\n<\/ul>\n<h2>Services Offerts<\/h2>\n<h3>Voyages Scolaires<\/h3>\n<p>Vous organisez un voyage scolaire pour une ou plusieurs classes : b\u00e9n\u00e9ficiez de solutions sur mesure avec des v\u00e9hicules de 16 \u00e0 70 places, chauffeurs exp\u00e9riment\u00e9s et accompagnement 24h\/24. Nous prenons en charge la s\u00e9curit\u00e9 (ceintures, pauses r\u00e9glementaires), l\u2019organisation des itin\u00e9raires et la coordination des lieux de mont\u00e9e\/descente, afin que vous puissiez concentrer votre \u00e9nergie sur l\u2019encadrement p\u00e9dagogique et non sur la logistique.<\/p>\n<h3>Transferts A\u00e9roports<\/h3>\n<p>Lors de vos transferts vers Bruxelles-National, Charleroi ou la gare de Bruxelles-Midi, votre chauffeur vous attendra avec un panneau nominatif et un suivi de vol en temps r\u00e9el ; la prise en charge est adapt\u00e9e aux retards et aux bagages volumineux. Pour r\u00e9server rapidement et obtenir un devis, consultez <a href=\"https:\/\/www.locationautocar.be\/\">https:\/\/www.locationautocar.be\/<\/a>.<\/p>\n<p>En compl\u00e9ment, vous disposez d\u2019une flotte modulable (minibus 8 places \u00e0 autocars 70 places), d\u2019un espace bagages calibr\u00e9 pour groupes et d\u2019options porte-\u00e0-porte. Vous profiterez de tarifs forfaitaires transparents, d\u2019un temps d\u2019attente ma\u00eetris\u00e9 et de chauffeurs multilingues form\u00e9s aux proc\u00e9dures a\u00e9roportuaires, ce qui r\u00e9duit le stress apr\u00e8s un vol et s\u00e9curise votre arriv\u00e9e \u00e0 destination.<\/p>\n<h2>D\u00e9placements Professionnels<\/h2>\n<p>Vous organisez sorties d&rsquo;entreprise, s\u00e9minaires ou conf\u00e9rences pour 10 \u00e0 200 participants; vous nous indiquez dates, lieux et contraintes et nous prenons en charge transferts, rotations et logistique. Pour des solutions compl\u00e9mentaires, consultez <a href=\"https:\/\/rentabus.be\/\" target=\"_blank\" rel=\"nofollow noopener noreferrer\">RentaBus &#8211; location de cars &amp; minibus avec chauffeur en Belgique<\/a> ou notre portail m\u00e9tier <a href=\"https:\/\/www.locationautocar.be\/\" target=\"_blank\" rel=\"nofollow noopener noreferrer\">LocationAutocar<\/a>. Ainsi vous ma\u00eetrisez planning, co\u00fbts et temps de trajet sans mauvaise surprise.<\/p>\n<h3>Organisation et Planification<\/h3>\n<p>Vous recevez un plan d\u00e9taill\u00e9 avec horaires, points d&#8217;embarquement et marges de s\u00e9curit\u00e9; nous fournissons confirmations sous 48 heures, allocation des v\u00e9hicules selon rotation et gestion des bagages. Par exemple, pour un s\u00e9minaire de 120 personnes \u00e0 Bruges nous avons programm\u00e9 3 autocars 50 places et un minibus relais, r\u00e9duisant les temps d&rsquo;attente totaux de 40 %.<\/p>\n<h3>Flexibilit\u00e9 et Confort<\/h3>\n<p>Vous b\u00e9n\u00e9ficiez d&rsquo;une flotte adaptable (minibus 9\u201319 places, autocars 49\u201360 places), de si\u00e8ges inclinables, Wi\u2011Fi et prises USB; modifications de trajet possibles jusqu&rsquo;\u00e0 24 heures avant le d\u00e9part pour pr\u00e9server votre programme et le bien\u2011\u00eatre des participants.<\/p>\n<p>Concr\u00e8tement, nos autocars 53 places disposent de WC, climatisation et syst\u00e8mes audio\/vid\u00e9o pour pr\u00e9sentations; vos pauses sont planifi\u00e9es toutes les 2 heures pour respecter la s\u00e9curit\u00e9 routi\u00e8re, et chaque chauffeur suit une fiche d&rsquo;accueil avec checklist qualit\u00e9 pour garantir ponctualit\u00e9 et service professionnel.<\/p>\n<h2>D\u00e9placements Priv\u00e9s<\/h2>\n<p>Pour vos mariages, anniversaires, sorties de clubs ou f\u00eates priv\u00e9es, vous louez un v\u00e9hicule adapt\u00e9 (minibus 8\u201316, autocar 49\u201357) selon le nombre de participants et le volume de bagages; nous planifions le nombre de chauffeurs n\u00e9cessaires et les rotations pour respecter votre programme. Vous b\u00e9n\u00e9ficiez d\u2019un suivi 24\/7 et d\u2019un devis transparent; d\u00e9couvrez nos offres via <a href=\"https:\/\/bus4rent.be\/\" target=\"_blank\" rel=\"nofollow noopener noreferrer\">Location autocar Bruxelles &#8211; Bus4rent | Bus avec chauffeur &#8230;<\/a> ou consultez <a href=\"https:\/\/www.locationautocar.be\/\" target=\"_blank\" rel=\"nofollow noopener noreferrer\">locationautocar.be<\/a>.<\/p>\n<h3>Ev\u00e9nements Sp\u00e9ciaux<\/h3>\n<p>Que vous organisiez un mariage de 200 invit\u00e9s, une sortie de concert ou un tournoi sportif, vous obtenez un plan de transport sur\u2011mesure : horaires pr\u00e9cis, zones de d\u00e9pose r\u00e9serv\u00e9es et gestion des bagages ou \u00e9quipements (instruments, mat\u00e9riel sportif). Nous coordonnons plusieurs navettes simultan\u00e9es si n\u00e9cessaire pour garantir fluidit\u00e9 et ponctualit\u00e9, avec des chauffeurs form\u00e9s \u00e0 la gestion d\u2019\u00e9v\u00e9nements.<\/p>\n<h3>Personnalisation des Trajets<\/h3>\n<p>Vous personnalisez l\u2019itin\u00e9raire (arr\u00eats multiples, trajets aller\u2011retour, parcours touristiques) et choisissez les options \u00e0 bord : Wi\u2011Fi, prises USB, toilettes, si\u00e8ges confort; selon vos besoins nous recommandons le mod\u00e8le de v\u00e9hicule et calculons les pauses r\u00e9glementaires pour un trajet s\u00e9curis\u00e9.<\/p>\n<p>D\u00e8s que vous nous communiquez dates, lieux, nombre de passagers et contraintes (bagages, accessibilit\u00e9, horaires serr\u00e9s), nous \u00e9laborons un itin\u00e9raire optimis\u00e9 en tenant compte des limitations routi\u00e8res et des temps de repos l\u00e9gaux. Par exemple, pour un groupe de 60 personnes nous pr\u00e9voyons syst\u00e9matiquement un second chauffeur et un autocar de 55 places, tandis que pour des visites touristiques nous proposons des arr\u00eats comment\u00e9s et des cr\u00e9neaux r\u00e9serv\u00e9s. Vous recevez un devis d\u00e9taill\u00e9, plusieurs options (route la plus rapide ou panoramique) et un interlocuteur d\u00e9di\u00e9 disponible 24\/7 pour ajuster le parcours en temps r\u00e9el.<br \/>\n<a href=\"https:\/\/www.autocar.brussels\/wp-content\/uploads\/2025\/11\/services-de-location-autocar-bruxelles-hka.jpg\"><img loading=\"lazy\" decoding=\"async\" class=\"wp-image-2984 alignleft\" src=\"https:\/\/www.autocar.brussels\/wp-content\/uploads\/2025\/11\/services-de-location-autocar-bruxelles-hka-300x200.jpg\" alt=\"un home voir son iphon en attendent une autocar \" width=\"456\" height=\"304\" srcset=\"https:\/\/www.autocar.brussels\/wp-content\/uploads\/2025\/11\/services-de-location-autocar-bruxelles-hka-300x200.jpg 300w, https:\/\/www.autocar.brussels\/wp-content\/uploads\/2025\/11\/services-de-location-autocar-bruxelles-hka-1024x683.jpg 1024w, https:\/\/www.autocar.brussels\/wp-content\/uploads\/2025\/11\/services-de-location-autocar-bruxelles-hka-768x512.jpg 768w, https:\/\/www.autocar.brussels\/wp-content\/uploads\/2025\/11\/services-de-location-autocar-bruxelles-hka.jpg 1248w\" sizes=\"auto, (max-width: 456px) 100vw, 456px\" \/><\/a><\/p>\n<h2>Conseils Pratiques<\/h2>\n<p>Avant toute r\u00e9servation, v\u00e9rifiez la capacit\u00e9 r\u00e9elle (16\u201370 places), l&rsquo;\u00e2ge moyen de la flotte (&lt;5 ans id\u00e9alement) et les options (WC, Wi\u2011Fi, ceintures). Vous pouvez comparer rapidement des prestataires fiables comme <a href=\"https:\/\/www.capitale-cars.be\/\" target=\"_blank\" rel=\"nofollow noopener noreferrer\">CAPITALE CARS: Location bus avec chauffeur Bruxelles<\/a> et consulter des r\u00e9f\u00e9rences sur <a href=\"https:\/\/www.locationautocar.be\/\" target=\"_blank\" rel=\"noopener\">Location Autocar<\/a> pour confirmer tarifs et avis clients.<\/p>\n<h3>Choisir le Bon Service<\/h3>\n<p>Pour 1\u201315 personnes, optez pour un minibus; pour 16\u201335, un midi\u2011car; au\u2011del\u00e0, choisissez un autocar 50\u201370 places. Vous devez v\u00e9rifier l&rsquo;assurance responsabilit\u00e9, le nombre de chauffeurs requis (1 pour &lt;8h, 2 pour journ\u00e9es longues) et les horaires flexibles; demandez un devis avec kilom\u00e9trage inclus et exemples de cas similaires pour \u00e9valuer la valeur r\u00e9elle.<\/p>\n<h3>Pr\u00e9parer Votre Voyage<\/h3>\n<p>Planifiez l&rsquo;itin\u00e9raire et les horaires en int\u00e9grant des marges de 15\u201330 minutes pour chaque transfert; vous devez pr\u00e9ciser points de mont\u00e9e\/descente et quantit\u00e9 de bagages par passager. Pour un transfert a\u00e9roport, pr\u00e9voyez 30\u201345 minutes de tampon et confirmez le point de rendez\u2011vous avec le chauffeur la veille.<\/p>\n<p>\u00c9tablissez une feuille de route d\u00e9taill\u00e9e: liste des passagers, num\u00e9ros d&rsquo;urgence, escales pr\u00e9vues, temps de repos et acc\u00e8s pour personnes \u00e0 mobilit\u00e9 r\u00e9duite. V\u00e9rifiez aussi les contraintes locales (zone LEZ \u00e0 Bruxelles, autorisations de stationnement pour autocars lors d&rsquo;\u00e9v\u00e9nements) et r\u00e9servez au moins 48\u201372 heures avant pour petits trajets ou 2\u20134 semaines pour groupes scolaires et \u00e9v\u00e9nements afin d&rsquo;assurer disponibilit\u00e9 et conformit\u00e9.<\/p>\n<h2>Facteurs \u00e0 Consid\u00e9rer<\/h2>\n<p>Pour optimiser votre location, vous devez tenir compte de l\u2019itin\u00e9raire, de la dur\u00e9e, de l\u2019accessibilit\u00e9 des lieux et des besoins en \u00e9quipements (climatisation, WC, wifi). Par exemple, un trajet urbain \u00e0 arr\u00eats multiples n\u00e9cessite un autocar maniable, tandis qu\u2019un transfert a\u00e9roport exige un soute spacieuse. Pensez aussi \u00e0 la s\u00e9curit\u00e9 et \u00e0 la conformit\u00e9 r\u00e9glementaire ; choisissez la capacit\u00e9 adapt\u00e9e (minibus 9\u201325, midibus 25\u201335, autocar 50\u201390 places) pour \u00e9viter des frais inutiles.<\/p>\n<h3>Nombre de Participants<\/h3>\n<p>Comptez syst\u00e9matiquement participants, accompagnateurs et bagages : 40 personnes avec valises requi\u00e8rent souvent un autocar 50 places plut\u00f4t qu\u2019un minibus. Vous devez pr\u00e9voir des marges (2\u20135 places de s\u00e9curit\u00e9) pour int\u00e9grations de derni\u00e8re minute et r\u00e9partir les bagages entre soutes et cabine. Pour clubs sportifs, estimez le volume d\u2019\u00e9quipement afin de r\u00e9server un v\u00e9hicule avec soute renforc\u00e9e.<\/p>\n<h3>Budget et Co\u00fbts<\/h3>\n<p>Les co\u00fbts varient selon la distance, la dur\u00e9e, la saison et les options : forfait journalier, tarif au kilom\u00e8tre, p\u00e9ages et parking. \u00c0 titre indicatif, pour un autocar 50 places en excursion d\u2019une journ\u00e9e en Belgique, vous pouvez rencontrer des tarifs allant approximativement de 600 \u20ac \u00e0 1 200 \u20ac, selon services (chauffeur suppl\u00e9mentaire, heures d\u2019attente, confort). Demandez toujours un devis d\u00e9taill\u00e9.<\/p>\n<p>V\u00e9rifiez les frais cach\u00e9s : heures d\u2019attente (&gt;1 h), p\u00e9ages, stationnement, suppl\u00e9ments nuit\/retour vide, nettoyage ou annulation. Exigez la ventilation du prix (tarif de base, TVA, extras) et consultez les conditions d\u2019assurance et d\u2019annulation. Obtenez plusieurs devis comparables et consultez des r\u00e9f\u00e9rences : un devis clair facilite la n\u00e9gociation et la planification \u2014 vous pouvez demander une estimation rapide sur <a href=\"https:\/\/www.locationautocar.be\/\">locationautocar.be<\/a>.<\/p>\n<h2>Avis et Retours Clients<\/h2>\n<p>Vous jouez un r\u00f4le central dans l&rsquo;am\u00e9lioration continue de nos services : vos avis permettent d&rsquo;ajuster le confort, la ponctualit\u00e9 et la s\u00e9curit\u00e9. Vous pouvez laisser un commentaire ou une note via notre site <a href=\"https:\/\/www.locationautocar.be\/\">locationautocar.be<\/a> ; nous consolidons ces retours pour mesurer la satisfaction (taux cibl\u00e9 &gt;90%) et prioriser les actions correctives en moins de 30 jours.<\/p>\n<h3>Importance des Retours<\/h3>\n<p>Vous contribuez directement \u00e0 des changements concrets : par exemple, des retours r\u00e9currents sur l&rsquo;espace bagages ont conduit \u00e0 revoir la capacit\u00e9 de certains v\u00e9hicules. Vous aidez aussi \u00e0 optimiser les itin\u00e9raires et la formation des chauffeurs, ce qui r\u00e9duit en moyenne les retards et augmente la qualit\u00e9 per\u00e7ue par l&rsquo;ensemble des passagers.<\/p>\n<h3>Traitement des R\u00e9clamations<\/h3>\n<p>Vous recevez un accus\u00e9 de r\u00e9ception sous 48 heures ; ensuite, votre dossier est analys\u00e9 par notre \u00e9quipe d\u00e9di\u00e9e selon un processus en 3 \u00e9tapes (enregistrement, enqu\u00eate, r\u00e9solution). Vous pouvez obtenir un geste commercial, un remboursement partiel ou une explication d\u00e9taill\u00e9e selon la nature du probl\u00e8me et les preuves fournies.<\/p>\n<p>Vous pouvez soumettre votre r\u00e9clamation par formulaire en ligne, e\u2011mail ou t\u00e9l\u00e9phone, en joignant photos ou justificatifs pour acc\u00e9l\u00e9rer l&rsquo;enqu\u00eate. Vous serez inform\u00e9 des mesures prises (remplacement chauffeur, contr\u00f4le technique, formation) sous 72 heures, et un plan d&rsquo;action correctif est mis en \u0153uvre dans un d\u00e9lai moyen de 30 jours pour \u00e9viter la r\u00e9p\u00e9tition.<\/p>\n<h2>Services de Location Autocar Bruxelles<\/h2>\n<p>Vous pouvez compter sur notre \u00e9quipe exp\u00e9riment\u00e9e pour assurer vos transferts, voyages scolaires, d\u00e9placements professionnels et priv\u00e9s \u00e0 Bruxelles en alliant confort, s\u00e9curit\u00e9 et service sur mesure. Nous traitons vos remarques et adaptons nos prestations pour r\u00e9pondre pr\u00e9cis\u00e9ment \u00e0 vos besoins. Pour organiser votre transport en toute s\u00e9r\u00e9nit\u00e9, consultez nos offres et <a href=\"https:\/\/www.autocar.brussels\/\">contactez-nous via<\/a>.<\/p>\n<h2>FAQ<\/h2>\n<h4>Q: Quels services proposez-vous pour la location d&rsquo;autocar \u00e0 Bruxelles ?<\/h4>\n<p>A: Nous proposons des transferts a\u00e9roports et gares, voyages scolaires, d\u00e9placements professionnels (s\u00e9minaires, conf\u00e9rences, rotations), et transports priv\u00e9s (mariages, f\u00eates, clubs). Nos prestations incluent autocar avec chauffeur exp\u00e9riment\u00e9, organisation personnalis\u00e9e, gestion des bagages et accompagnement 24h\/24 selon les besoins.<\/p>\n<h4>Q: Comment puis-je r\u00e9server un autocar et quelles informations dois-je fournir ?<\/h4>\n<p>A: Pour r\u00e9server, indiquez les dates et heures, lieux de d\u00e9part et d&rsquo;arriv\u00e9e, nombre de passagers, volume de bagages, dur\u00e9e et type d&rsquo;\u00e9v\u00e9nement. Un devis personnalis\u00e9 vous sera fourni et la confirmation s&rsquo;effectue apr\u00e8s acceptation. Pour plus d&rsquo;informations et r\u00e9servation, consultez notre site officiel : <a href=\"https:\/\/www.locationautocar.be\/\">https:\/\/www.locationautocar.be\/<\/a>.<\/p>\n<h4>Q: Quels types d&rsquo;autocars et quelles capacit\u00e9s proposez-vous ?<\/h4>\n<p>A: Nous mettons \u00e0 disposition une flotte vari\u00e9e : minibus (8\u201316 places), autocars standards (20\u201350 places) et grands autocars (plus de 50 places). Le choix se fait selon le confort souhait\u00e9, le nombre de participants et la quantit\u00e9 de bagages ; nous proposons aussi des v\u00e9hicules adapt\u00e9s PMR sur demande.<\/p>\n<h4>Q: Quelles mesures prenez-vous pour garantir la s\u00e9curit\u00e9 et la qualit\u00e9 des prestations ?<\/h4>\n<p>A: Nous appliquons un cahier des charges strict ax\u00e9 sur confort, s\u00e9curit\u00e9 et professionnalisme. Nos chauffeurs sont exp\u00e9riment\u00e9s et form\u00e9s, les v\u00e9hicules entretenus r\u00e9guli\u00e8rement et contr\u00f4l\u00e9s avant chaque d\u00e9part. Les r\u00e9clamations sont trait\u00e9es syst\u00e9matiquement avec actions correctives et r\u00e9ponses rapides pour am\u00e9liorer continuellement la qualit\u00e9.<\/p>\n<h4>Q: Comment se d\u00e9roulent les transferts a\u00e9roports et la prise en charge \u00e0 l&rsquo;arriv\u00e9e ?<\/h4>\n<p>A: Pour les transferts, le chauffeur attendra le groupe \u00e0 l&rsquo;a\u00e9roport ou \u00e0 la gare, facilite la rencontre par un processus moderne (panneau nominatif, coordonn\u00e9es de contact) et prend en charge les bagages. Nous assurons ponctualit\u00e9, confort apr\u00e8s vol et liaison directe vers la destination, m\u00eame pour grands groupes et bagages volumineux.<\/p>\n<h4>Q: Quels services offrez-vous pour les voyages scolaires ?<\/h4>\n<p>A: Nous organisons des voyages scolaires sur mesure : v\u00e9hicules adapt\u00e9s au nombre d&rsquo;\u00e9l\u00e8ves, chauffeurs exp\u00e9riment\u00e9s, planification 24h\/24 et assistance pendant toute la dur\u00e9e du trajet. Nous garantissons des conditions de s\u00e9curit\u00e9 optimales, encadrement logistique et flexibilit\u00e9 pour excursions d&rsquo;une journ\u00e9e ou s\u00e9jours de plusieurs jours.<\/p>\n<h4>Q: Quelle est votre politique de tarification, de facturation et d&rsquo;annulation ?<\/h4>\n<p>A: Les tarifs sont \u00e9tablis sur devis en fonction du type de v\u00e9hicule, dur\u00e9e, distance et services suppl\u00e9mentaires. Pour les entreprises, facturation adapt\u00e9e au projet avec options de paiement souples. Les conditions d&rsquo;annulation et de modification sont pr\u00e9cis\u00e9es dans le devis ; des frais peuvent s&rsquo;appliquer selon le d\u00e9lai de notification. Contactez-nous pour un devis d\u00e9taill\u00e9 et clair.<\/p>","protected":false},"excerpt":{"rendered":"<p>Dans ce guide pratique, vous apprendrez comment choisir et r\u00e9server des services de location d&rsquo;autocar \u00e0 Bruxelles pour vos transferts, voyages scolaires, d\u00e9placements professionnels ou \u00e9v\u00e9nements priv\u00e9s; vous d\u00e9couvrirez les crit\u00e8res essentiels \u2014 confort, s\u00e9curit\u00e9, chauffeurs exp\u00e9riment\u00e9s \u2014 et comment &hellip;<\/p>\n","protected":false},"author":1,"featured_media":2984,"comment_status":"closed","ping_status":"closed","sticky":false,"template":"","format":"standard","meta":{"footnotes":""},"categories":[57],"tags":[],"class_list":["post-2983","post","type-post","status-publish","format-standard","has-post-thumbnail","hentry","category-evenements"],"yoast_head":"<!-- This site is optimized with the Yoast SEO plugin v27.5 - https:\/\/yoast.com\/product\/yoast-seo-wordpress\/ -->\n<title>Services de Location Autocar Bruxelles<\/title>\n<meta name=\"description\" content=\"Location Autocar Bruxelles. Pour 1\u201315 personnes, optez pour un minibus; pour 16\u201335, un midi\u2011car; au\u2011del\u00e0, un autocar 50\u201370 places.\" \/>\n<meta name=\"robots\" content=\"index, follow, max-snippet:-1, max-image-preview:large, max-video-preview:-1\" \/>\n<link rel=\"canonical\" href=\"https:\/\/www.autocar.brussels\/evenements\/services-de-location-autocar-bruxelles\/\" \/>\n<meta property=\"og:locale\" content=\"fr_FR\" \/>\n<meta property=\"og:type\" content=\"article\" \/>\n<meta property=\"og:title\" content=\"[:fr]Services de Location Autocar Bruxelles[:]\" \/>\n<meta property=\"og:description\" content=\"{:fr}Location Autocar Bruxelles. Pour 1\u201315 personnes, optez pour un minibus; pour 16\u201335, un midi\u2011car; au\u2011del\u00e0, un autocar 50\u201370 places. {:}\" \/>\n<meta property=\"og:url\" content=\"https:\/\/www.autocar.brussels\/evenements\/services-de-location-autocar-bruxelles\/\" \/>\n<meta property=\"og:site_name\" content=\"Location minibus bruxelles\" \/>\n<meta property=\"article:publisher\" content=\"https:\/\/www.facebook.com\/LimostarLimousineServices\/\" \/>\n<meta property=\"article:published_time\" content=\"2025-11-15T15:34:53+00:00\" \/>\n<meta property=\"article:modified_time\" content=\"2025-11-15T23:15:42+00:00\" \/>\n<meta property=\"og:image\" content=\"https:\/\/www.autocar.brussels\/wp-content\/uploads\/2025\/11\/services-de-location-autocar-bruxelles-hka.jpg\" \/>\n\t<meta property=\"og:image:width\" content=\"1248\" \/>\n\t<meta property=\"og:image:height\" content=\"832\" \/>\n\t<meta property=\"og:image:type\" content=\"image\/jpeg\" \/>\n<meta name=\"author\" content=\"autocar\" \/>\n<meta name=\"twitter:card\" content=\"summary_large_image\" \/>\n<meta name=\"twitter:label1\" content=\"\u00c9crit par\" \/>\n\t<meta name=\"twitter:data1\" content=\"autocar\" \/>\n\t<meta name=\"twitter:label2\" content=\"Dur\u00e9e de lecture estim\u00e9e\" \/>\n\t<meta name=\"twitter:data2\" content=\"11 minutes\" \/>\n<script type=\"application\/ld+json\" class=\"yoast-schema-graph\">{\"@context\":\"https:\\\/\\\/schema.org\",\"@graph\":[{\"@type\":\"Article\",\"@id\":\"https:\\\/\\\/www.autocar.brussels\\\/evenements\\\/services-de-location-autocar-bruxelles\\\/#article\",\"isPartOf\":{\"@id\":\"https:\\\/\\\/www.autocar.brussels\\\/evenements\\\/services-de-location-autocar-bruxelles\\\/\"},\"author\":{\"name\":\"autocar\",\"@id\":\"https:\\\/\\\/www.autocar.brussels\\\/fr\\\/#\\\/schema\\\/person\\\/06e15f554d4a8ab041be4f7dbe700d0e\"},\"headline\":\"Services de Location Autocar Bruxelles\",\"datePublished\":\"2025-11-15T15:34:53+00:00\",\"dateModified\":\"2025-11-15T23:15:42+00:00\",\"mainEntityOfPage\":{\"@id\":\"https:\\\/\\\/www.autocar.brussels\\\/evenements\\\/services-de-location-autocar-bruxelles\\\/\"},\"wordCount\":2229,\"publisher\":{\"@id\":\"https:\\\/\\\/www.autocar.brussels\\\/fr\\\/#organization\"},\"image\":{\"@id\":\"https:\\\/\\\/www.autocar.brussels\\\/evenements\\\/services-de-location-autocar-bruxelles\\\/#primaryimage\"},\"thumbnailUrl\":\"https:\\\/\\\/www.autocar.brussels\\\/wp-content\\\/uploads\\\/2025\\\/11\\\/services-de-location-autocar-bruxelles-hka.jpg\",\"articleSection\":[\"\u00e9v\u00e9nements\"],\"inLanguage\":\"fr-FR\"},{\"@type\":\"WebPage\",\"@id\":\"https:\\\/\\\/www.autocar.brussels\\\/evenements\\\/services-de-location-autocar-bruxelles\\\/\",\"url\":\"https:\\\/\\\/www.autocar.brussels\\\/evenements\\\/services-de-location-autocar-bruxelles\\\/\",\"name\":\"[:fr]Services de Location Autocar Bruxelles[:]\",\"isPartOf\":{\"@id\":\"https:\\\/\\\/www.autocar.brussels\\\/fr\\\/#website\"},\"primaryImageOfPage\":{\"@id\":\"https:\\\/\\\/www.autocar.brussels\\\/evenements\\\/services-de-location-autocar-bruxelles\\\/#primaryimage\"},\"image\":{\"@id\":\"https:\\\/\\\/www.autocar.brussels\\\/evenements\\\/services-de-location-autocar-bruxelles\\\/#primaryimage\"},\"thumbnailUrl\":\"https:\\\/\\\/www.autocar.brussels\\\/wp-content\\\/uploads\\\/2025\\\/11\\\/services-de-location-autocar-bruxelles-hka.jpg\",\"datePublished\":\"2025-11-15T15:34:53+00:00\",\"dateModified\":\"2025-11-15T23:15:42+00:00\",\"description\":\"{:fr}Location Autocar Bruxelles. Pour 1\u201315 personnes, optez pour un minibus; pour 16\u201335, un midi\u2011car; au\u2011del\u00e0, un autocar 50\u201370 places. {:}\",\"breadcrumb\":{\"@id\":\"https:\\\/\\\/www.autocar.brussels\\\/evenements\\\/services-de-location-autocar-bruxelles\\\/#breadcrumb\"},\"inLanguage\":\"fr-FR\",\"potentialAction\":[{\"@type\":\"ReadAction\",\"target\":[\"https:\\\/\\\/www.autocar.brussels\\\/evenements\\\/services-de-location-autocar-bruxelles\\\/\"]}]},{\"@type\":\"ImageObject\",\"inLanguage\":\"fr-FR\",\"@id\":\"https:\\\/\\\/www.autocar.brussels\\\/evenements\\\/services-de-location-autocar-bruxelles\\\/#primaryimage\",\"url\":\"https:\\\/\\\/www.autocar.brussels\\\/wp-content\\\/uploads\\\/2025\\\/11\\\/services-de-location-autocar-bruxelles-hka.jpg\",\"contentUrl\":\"https:\\\/\\\/www.autocar.brussels\\\/wp-content\\\/uploads\\\/2025\\\/11\\\/services-de-location-autocar-bruxelles-hka.jpg\",\"width\":1248,\"height\":832,\"caption\":\"un home voir son iphon en attendent une autocar\"},{\"@type\":\"BreadcrumbList\",\"@id\":\"https:\\\/\\\/www.autocar.brussels\\\/evenements\\\/services-de-location-autocar-bruxelles\\\/#breadcrumb\",\"itemListElement\":[{\"@type\":\"ListItem\",\"position\":1,\"name\":\"Accueil\",\"item\":\"https:\\\/\\\/www.autocar.brussels\\\/\"},{\"@type\":\"ListItem\",\"position\":2,\"name\":\"Services de Location Autocar Bruxelles\"}]},{\"@type\":\"WebSite\",\"@id\":\"https:\\\/\\\/www.autocar.brussels\\\/fr\\\/#website\",\"url\":\"https:\\\/\\\/www.autocar.brussels\\\/fr\\\/\",\"name\":\"Location minibus bruxelles\",\"description\":\"Bus et autocar avec chauffeur en Belgique\",\"publisher\":{\"@id\":\"https:\\\/\\\/www.autocar.brussels\\\/fr\\\/#organization\"},\"potentialAction\":[{\"@type\":\"SearchAction\",\"target\":{\"@type\":\"EntryPoint\",\"urlTemplate\":\"https:\\\/\\\/www.autocar.brussels\\\/fr\\\/?s={search_term_string}\"},\"query-input\":{\"@type\":\"PropertyValueSpecification\",\"valueRequired\":true,\"valueName\":\"search_term_string\"}}],\"inLanguage\":\"fr-FR\"},{\"@type\":\"Organization\",\"@id\":\"https:\\\/\\\/www.autocar.brussels\\\/fr\\\/#organization\",\"name\":\"location minibus bruxelles\",\"alternateName\":\"Location Autocar Bruxelles\",\"url\":\"https:\\\/\\\/www.autocar.brussels\\\/fr\\\/\",\"logo\":{\"@type\":\"ImageObject\",\"inLanguage\":\"fr-FR\",\"@id\":\"https:\\\/\\\/www.autocar.brussels\\\/fr\\\/#\\\/schema\\\/logo\\\/image\\\/\",\"url\":\"https:\\\/\\\/www.autocar.brussels\\\/wp-content\\\/uploads\\\/2018\\\/01\\\/logo-limo-footer.png\",\"contentUrl\":\"https:\\\/\\\/www.autocar.brussels\\\/wp-content\\\/uploads\\\/2018\\\/01\\\/logo-limo-footer.png\",\"width\":177,\"height\":39,\"caption\":\"location minibus bruxelles\"},\"image\":{\"@id\":\"https:\\\/\\\/www.autocar.brussels\\\/fr\\\/#\\\/schema\\\/logo\\\/image\\\/\"},\"sameAs\":[\"https:\\\/\\\/www.facebook.com\\\/LimostarLimousineServices\\\/\"]},{\"@type\":\"Person\",\"@id\":\"https:\\\/\\\/www.autocar.brussels\\\/fr\\\/#\\\/schema\\\/person\\\/06e15f554d4a8ab041be4f7dbe700d0e\",\"name\":\"autocar\",\"image\":{\"@type\":\"ImageObject\",\"inLanguage\":\"fr-FR\",\"@id\":\"https:\\\/\\\/secure.gravatar.com\\\/avatar\\\/7254f19662f8ff2abcda48038b8c56b3deabbd52148ceeb10b339f200b855565?s=96&d=mm&r=g\",\"url\":\"https:\\\/\\\/secure.gravatar.com\\\/avatar\\\/7254f19662f8ff2abcda48038b8c56b3deabbd52148ceeb10b339f200b855565?s=96&d=mm&r=g\",\"contentUrl\":\"https:\\\/\\\/secure.gravatar.com\\\/avatar\\\/7254f19662f8ff2abcda48038b8c56b3deabbd52148ceeb10b339f200b855565?s=96&d=mm&r=g\",\"caption\":\"autocar\"}}]}<\/script>\n<!-- \/ Yoast SEO plugin. -->","yoast_head_json":{"title":"Services de Location Autocar Bruxelles","description":"Location Autocar Bruxelles. Pour 1\u201315 personnes, optez pour un minibus; pour 16\u201335, un midi\u2011car; au\u2011del\u00e0, un autocar 50\u201370 places.","robots":{"index":"index","follow":"follow","max-snippet":"max-snippet:-1","max-image-preview":"max-image-preview:large","max-video-preview":"max-video-preview:-1"},"canonical":"https:\/\/www.autocar.brussels\/evenements\/services-de-location-autocar-bruxelles\/","og_locale":"fr_FR","og_type":"article","og_title":"[:fr]Services de Location Autocar Bruxelles[:]","og_description":"{:fr}Location Autocar Bruxelles. Pour 1\u201315 personnes, optez pour un minibus; pour 16\u201335, un midi\u2011car; au\u2011del\u00e0, un autocar 50\u201370 places. {:}","og_url":"https:\/\/www.autocar.brussels\/evenements\/services-de-location-autocar-bruxelles\/","og_site_name":"Location minibus bruxelles","article_publisher":"https:\/\/www.facebook.com\/LimostarLimousineServices\/","article_published_time":"2025-11-15T15:34:53+00:00","article_modified_time":"2025-11-15T23:15:42+00:00","og_image":[{"width":1248,"height":832,"url":"https:\/\/www.autocar.brussels\/wp-content\/uploads\/2025\/11\/services-de-location-autocar-bruxelles-hka.jpg","type":"image\/jpeg"}],"author":"autocar","twitter_card":"summary_large_image","twitter_misc":{"\u00c9crit par":"autocar","Dur\u00e9e de lecture estim\u00e9e":"11 minutes"},"schema":{"@context":"https:\/\/schema.org","@graph":[{"@type":"Article","@id":"https:\/\/www.autocar.brussels\/evenements\/services-de-location-autocar-bruxelles\/#article","isPartOf":{"@id":"https:\/\/www.autocar.brussels\/evenements\/services-de-location-autocar-bruxelles\/"},"author":{"name":"autocar","@id":"https:\/\/www.autocar.brussels\/fr\/#\/schema\/person\/06e15f554d4a8ab041be4f7dbe700d0e"},"headline":"Services de Location Autocar Bruxelles","datePublished":"2025-11-15T15:34:53+00:00","dateModified":"2025-11-15T23:15:42+00:00","mainEntityOfPage":{"@id":"https:\/\/www.autocar.brussels\/evenements\/services-de-location-autocar-bruxelles\/"},"wordCount":2229,"publisher":{"@id":"https:\/\/www.autocar.brussels\/fr\/#organization"},"image":{"@id":"https:\/\/www.autocar.brussels\/evenements\/services-de-location-autocar-bruxelles\/#primaryimage"},"thumbnailUrl":"https:\/\/www.autocar.brussels\/wp-content\/uploads\/2025\/11\/services-de-location-autocar-bruxelles-hka.jpg","articleSection":["\u00e9v\u00e9nements"],"inLanguage":"fr-FR"},{"@type":"WebPage","@id":"https:\/\/www.autocar.brussels\/evenements\/services-de-location-autocar-bruxelles\/","url":"https:\/\/www.autocar.brussels\/evenements\/services-de-location-autocar-bruxelles\/","name":"[:fr]Services de Location Autocar Bruxelles[:]","isPartOf":{"@id":"https:\/\/www.autocar.brussels\/fr\/#website"},"primaryImageOfPage":{"@id":"https:\/\/www.autocar.brussels\/evenements\/services-de-location-autocar-bruxelles\/#primaryimage"},"image":{"@id":"https:\/\/www.autocar.brussels\/evenements\/services-de-location-autocar-bruxelles\/#primaryimage"},"thumbnailUrl":"https:\/\/www.autocar.brussels\/wp-content\/uploads\/2025\/11\/services-de-location-autocar-bruxelles-hka.jpg","datePublished":"2025-11-15T15:34:53+00:00","dateModified":"2025-11-15T23:15:42+00:00","description":"{:fr}Location Autocar Bruxelles. Pour 1\u201315 personnes, optez pour un minibus; pour 16\u201335, un midi\u2011car; au\u2011del\u00e0, un autocar 50\u201370 places. {:}","breadcrumb":{"@id":"https:\/\/www.autocar.brussels\/evenements\/services-de-location-autocar-bruxelles\/#breadcrumb"},"inLanguage":"fr-FR","potentialAction":[{"@type":"ReadAction","target":["https:\/\/www.autocar.brussels\/evenements\/services-de-location-autocar-bruxelles\/"]}]},{"@type":"ImageObject","inLanguage":"fr-FR","@id":"https:\/\/www.autocar.brussels\/evenements\/services-de-location-autocar-bruxelles\/#primaryimage","url":"https:\/\/www.autocar.brussels\/wp-content\/uploads\/2025\/11\/services-de-location-autocar-bruxelles-hka.jpg","contentUrl":"https:\/\/www.autocar.brussels\/wp-content\/uploads\/2025\/11\/services-de-location-autocar-bruxelles-hka.jpg","width":1248,"height":832,"caption":"un home voir son iphon en attendent une autocar"},{"@type":"BreadcrumbList","@id":"https:\/\/www.autocar.brussels\/evenements\/services-de-location-autocar-bruxelles\/#breadcrumb","itemListElement":[{"@type":"ListItem","position":1,"name":"Accueil","item":"https:\/\/www.autocar.brussels\/"},{"@type":"ListItem","position":2,"name":"Services de Location Autocar Bruxelles"}]},{"@type":"WebSite","@id":"https:\/\/www.autocar.brussels\/fr\/#website","url":"https:\/\/www.autocar.brussels\/fr\/","name":"Location minibus bruxelles","description":"Bus et autocar avec chauffeur en Belgique","publisher":{"@id":"https:\/\/www.autocar.brussels\/fr\/#organization"},"potentialAction":[{"@type":"SearchAction","target":{"@type":"EntryPoint","urlTemplate":"https:\/\/www.autocar.brussels\/fr\/?s={search_term_string}"},"query-input":{"@type":"PropertyValueSpecification","valueRequired":true,"valueName":"search_term_string"}}],"inLanguage":"fr-FR"},{"@type":"Organization","@id":"https:\/\/www.autocar.brussels\/fr\/#organization","name":"location minibus bruxelles","alternateName":"Location Autocar Bruxelles","url":"https:\/\/www.autocar.brussels\/fr\/","logo":{"@type":"ImageObject","inLanguage":"fr-FR","@id":"https:\/\/www.autocar.brussels\/fr\/#\/schema\/logo\/image\/","url":"https:\/\/www.autocar.brussels\/wp-content\/uploads\/2018\/01\/logo-limo-footer.png","contentUrl":"https:\/\/www.autocar.brussels\/wp-content\/uploads\/2018\/01\/logo-limo-footer.png","width":177,"height":39,"caption":"location minibus bruxelles"},"image":{"@id":"https:\/\/www.autocar.brussels\/fr\/#\/schema\/logo\/image\/"},"sameAs":["https:\/\/www.facebook.com\/LimostarLimousineServices\/"]},{"@type":"Person","@id":"https:\/\/www.autocar.brussels\/fr\/#\/schema\/person\/06e15f554d4a8ab041be4f7dbe700d0e","name":"autocar","image":{"@type":"ImageObject","inLanguage":"fr-FR","@id":"https:\/\/secure.gravatar.com\/avatar\/7254f19662f8ff2abcda48038b8c56b3deabbd52148ceeb10b339f200b855565?s=96&d=mm&r=g","url":"https:\/\/secure.gravatar.com\/avatar\/7254f19662f8ff2abcda48038b8c56b3deabbd52148ceeb10b339f200b855565?s=96&d=mm&r=g","contentUrl":"https:\/\/secure.gravatar.com\/avatar\/7254f19662f8ff2abcda48038b8c56b3deabbd52148ceeb10b339f200b855565?s=96&d=mm&r=g","caption":"autocar"}}]}},"_links":{"self":[{"href":"https:\/\/www.autocar.brussels\/fr\/wp-json\/wp\/v2\/posts\/2983","targetHints":{"allow":["GET"]}}],"collection":[{"href":"https:\/\/www.autocar.brussels\/fr\/wp-json\/wp\/v2\/posts"}],"about":[{"href":"https:\/\/www.autocar.brussels\/fr\/wp-json\/wp\/v2\/types\/post"}],"author":[{"embeddable":true,"href":"https:\/\/www.autocar.brussels\/fr\/wp-json\/wp\/v2\/users\/1"}],"replies":[{"embeddable":true,"href":"https:\/\/www.autocar.brussels\/fr\/wp-json\/wp\/v2\/comments?post=2983"}],"version-history":[{"count":1,"href":"https:\/\/www.autocar.brussels\/fr\/wp-json\/wp\/v2\/posts\/2983\/revisions"}],"predecessor-version":[{"id":2985,"href":"https:\/\/www.autocar.brussels\/fr\/wp-json\/wp\/v2\/posts\/2983\/revisions\/2985"}],"wp:featuredmedia":[{"embeddable":true,"href":"https:\/\/www.autocar.brussels\/fr\/wp-json\/wp\/v2\/media\/2984"}],"wp:attachment":[{"href":"https:\/\/www.autocar.brussels\/fr\/wp-json\/wp\/v2\/media?parent=2983"}],"wp:term":[{"taxonomy":"category","embeddable":true,"href":"https:\/\/www.autocar.brussels\/fr\/wp-json\/wp\/v2\/categories?post=2983"},{"taxonomy":"post_tag","embeddable":true,"href":"https:\/\/www.autocar.brussels\/fr\/wp-json\/wp\/v2\/tags?post=2983"}],"curies":[{"name":"wp","href":"https:\/\/api.w.org\/{rel}","templated":true}]}}