{"id":2936,"date":"2024-03-11T16:54:07","date_gmt":"2024-03-11T15:54:07","guid":{"rendered":"https:\/\/www.autocar.brussels\/?p=2936"},"modified":"2024-03-11T16:54:07","modified_gmt":"2024-03-11T15:54:07","slug":"brussels-excursion","status":"publish","type":"post","link":"https:\/\/www.autocar.brussels\/fr\/location-minibus-bruxelles\/brussels-excursion\/","title":{"rendered":"Voyagez S\u00fbr, Confort Total, Prix Mini !"},"content":{"rendered":"<p><\/p>\n<h1><strong>Voyagez S\u00fbr, Confort Total, Prix Mini !<\/strong><\/h1>\n<h2><strong>Introduction \u00e0 un voyage de r\u00eave<\/strong><\/h2>\n<p>Dans l&rsquo;univers du voyage, o\u00f9 s\u00e9curit\u00e9, confort et budget constituent les piliers d&rsquo;une exp\u00e9rience r\u00e9ussie, la promesse d&rsquo;un p\u00e9riple sans pareil est le r\u00eave de tout un chacun. Cet article est votre guide d\u00e9finitif pour naviguer \u00e0 travers les options de luxe \u00e0 des prix comp\u00e9titifs, que ce soit pour des <strong>excursions \u00e0 Bruxelles<\/strong>, un <strong>transfert rapide vers l&rsquo;a\u00e9roport<\/strong>, ou encore un <strong>voyage scolaire sur mesure<\/strong>. Embarquez avec nous dans cette aventure o\u00f9 luxe, facilit\u00e9 et joies du voyage se rencontrent pour cr\u00e9er des souvenirs ind\u00e9l\u00e9biles.<\/p>\n<h3><strong>Excursions de luxe \u00e0 Bruxelles<\/strong><\/h3>\n<p>Bruxelles, cette ville au charme in\u00e9gal\u00e9, o\u00f9 l&rsquo;histoire rencontre l&rsquo;innovation, offre une palette d&rsquo;activit\u00e9s et de sites \u00e0 explorer. Nos <strong>excursions de luxe \u00e0 Bruxelles<\/strong> promettent une immersion totale dans le c\u0153ur vibrant de la capitale europ\u00e9enne. Avec notre s\u00e9lection d&rsquo;autocars de r\u00eave, chaque trajet se transforme en une exp\u00e9rience de premier ordre, o\u00f9 le confort et l&rsquo;\u00e9merveillement sont au rendez-vous. D\u00e9couvrez la majest\u00e9 de la Grand-Place, le myst\u00e8re du Manneken Pis et le g\u00e9nie de l&rsquo;Atomium, le tout \u00e0 des <strong>prix doux<\/strong>.<\/p>\n<h3><strong>Transfert a\u00e9ro facile et rapide<\/strong><\/h3>\n<p>La course contre la montre pour attraper un vol ne sera plus qu&rsquo;un lointain souvenir gr\u00e2ce \u00e0 notre service de<a href=\"https:\/\/www.autocar.brussels\/\"> <strong>transfert a\u00e9ro facile et rapide<\/strong><\/a>. La ponctualit\u00e9 et le confort sont les ma\u00eetres mots de notre offre, garantissant un d\u00e9part ou un retour sans stress. Nos v\u00e9hicules \u00e9quip\u00e9s et nos chauffeurs exp\u00e9riment\u00e9s assurent une travers\u00e9e fluide, symbolisant notre engagement \u00e0 offrir une <strong>facilit\u00e9 plus<\/strong> dans vos d\u00e9placements.<\/p>\n<h3><strong>Voyages scolaires sur mesure<\/strong><\/h3>\n<p>Les <strong>voyages scolaires<\/strong> constituent une \u00e9tape importante dans le parcours \u00e9ducatif des jeunes. Ils allient l&rsquo;apprentissage \u00e0 l&rsquo;aventure, d\u00e9couvrant de nouveaux horizons en toute s\u00e9curit\u00e9. Notre expertise dans l&rsquo;organisation de <strong>voyages scolaires sur mesure<\/strong> promet une aventure \u00e9ducative inoubliable pour les \u00e9l\u00e8ves, avec des programmes adapt\u00e9s \u00e0 chaque groupe d&rsquo;\u00e2ge et int\u00e9r\u00eat, le tout dans une logistique sans faille et un <strong>confort total<\/strong>.<\/p>\n<h3><strong>Le meilleur du transport pro<\/strong><\/h3>\n<p>Dans le monde professionnel, le temps est pr\u00e9cieux. C&rsquo;est pourquoi notre service de <strong>transport pro<\/strong> r\u00e9pond aux besoins des entreprises en qu\u00eate d&rsquo;efficacit\u00e9 et de fiabilit\u00e9. Que ce soit pour des d\u00e9placements en <strong>minibus<\/strong> pour des r\u00e9unions en petit comit\u00e9, ou un <strong>autocar de luxe<\/strong> pour des s\u00e9minaires d&rsquo;entreprise, notre flotte moderne et nos services sur mesure assurent une exp\u00e9rience <strong>top niveau<\/strong>.<\/p>\n<h3><strong>Location bus, confort assur\u00e9<\/strong><\/h3>\n<p>Pour les groupes \u00e0 la recherche d&rsquo;une solution de transport flexible et confortable, notre service de <strong>location de bus<\/strong> offre l&rsquo;\u00e9quilibre parfait entre <strong>confort<\/strong>, <strong>s\u00e9curit\u00e9<\/strong> et <strong>prix mini<\/strong>. Nos v\u00e9hicules, allant du <strong>minibus magique<\/strong> aux <a href=\"https:\/\/www.autocar.brussels\/\"><strong>autocars de r\u00eave<\/strong><\/a>, sont con\u00e7us pour transformer chaque trajet en une partie int\u00e9grante de l&rsquo;exp\u00e9rience de voyage, permettant ainsi de <strong>voyager en groupe g\u00e9nial<\/strong> avec aisance et \u00e9l\u00e9gance.<\/p>\n<p><a href=\"https:\/\/www.autocar.brussels\/wp-content\/uploads\/2024\/03\/AUTOCAR-BRUSSELS-LOGO-SUR-BUS-NOIRE.jpg\"><img loading=\"lazy\" decoding=\"async\" class=\"size-medium wp-image-2937 alignright\" src=\"https:\/\/www.autocar.brussels\/wp-content\/uploads\/2024\/03\/AUTOCAR-BRUSSELS-LOGO-SUR-BUS-NOIRE-300x225.jpg\" alt=\"LE 10 MARS EN BELGIQUE AU CITIE DU BRUXELLES A 12 H AM UNE BUS NOIR EN PARKING\" width=\"300\" height=\"225\" srcset=\"https:\/\/www.autocar.brussels\/wp-content\/uploads\/2024\/03\/AUTOCAR-BRUSSELS-LOGO-SUR-BUS-NOIRE-300x225.jpg 300w, https:\/\/www.autocar.brussels\/wp-content\/uploads\/2024\/03\/AUTOCAR-BRUSSELS-LOGO-SUR-BUS-NOIRE-1024x768.jpg 1024w, https:\/\/www.autocar.brussels\/wp-content\/uploads\/2024\/03\/AUTOCAR-BRUSSELS-LOGO-SUR-BUS-NOIRE-768x576.jpg 768w, https:\/\/www.autocar.brussels\/wp-content\/uploads\/2024\/03\/AUTOCAR-BRUSSELS-LOGO-SUR-BUS-NOIRE-1536x1152.jpg 1536w, https:\/\/www.autocar.brussels\/wp-content\/uploads\/2024\/03\/AUTOCAR-BRUSSELS-LOGO-SUR-BUS-NOIRE-280x210.jpg 280w, https:\/\/www.autocar.brussels\/wp-content\/uploads\/2024\/03\/AUTOCAR-BRUSSELS-LOGO-SUR-BUS-NOIRE.jpg 1600w\" sizes=\"auto, (max-width: 300px) 100vw, 300px\" \/><\/a><\/p>\n<h3><strong>Minibus: voyagez en petit groupe<\/strong><\/h3>\n<p>Le charme de voyager en <strong>petit groupe<\/strong> ne doit pas \u00eatre sous-estim\u00e9. Nos <strong>minibus<\/strong> offrent une solution intime et personnalis\u00e9e pour explorer des destinations avec flexibilit\u00e9. Parfait pour les familles, les amis ou les \u00e9quipes, notre service combine <strong>joie de voyager<\/strong> et libert\u00e9 de mouvement, le tout \u00e0 <strong>prix doux<\/strong>, fournissant une alternative sup\u00e9rieure pour vos <strong>excursions extra<\/strong>.<\/p>\n<h3><strong>Conclusion : Destination top, plaisir de la route assur\u00e9<\/strong><\/h3>\n<p>Chez nous, chaque voyage est une promesse de <strong>joie<\/strong>, de <strong>confort<\/strong> et d&rsquo;<strong>efficacit\u00e9<\/strong>. Des <strong>rues anim\u00e9es de Bruxelles<\/strong> \u00e0 la tranquillit\u00e9 d&rsquo;un <strong>transfert a\u00e9ro<\/strong>, en passant par la richesse d&rsquo;un <strong>voyage scolaire<\/strong> ou l&rsquo;exclusivit\u00e9 d&rsquo;un d\u00e9placement <strong>pro<\/strong>, nous sommes d\u00e9di\u00e9s \u00e0 vous offrir une exp\u00e9rience sans pareil. Notre flotte de <strong>bus luxe<\/strong> et de <strong>minibus magiques<\/strong> est \u00e0 votre disposition pour transformer chaque d\u00e9placement en une aventure m\u00e9morable. <strong>Plus de retards<\/strong>, <strong>facilit\u00e9 plus<\/strong>, et <strong>prix doux<\/strong> : voil\u00e0 notre engagement envers vous.<\/p>\n<p>Embarquez avec nous pour un voyage o\u00f9 chaque destination devient une <strong>destination top<\/strong> et chaque route, un <strong>plaisir<\/strong>. <a href=\"https:\/\/www.autocar.brussels\/\"><strong>Pro voyage<\/strong>, <strong>excursion extra<\/strong><\/a> ou <strong>scolaire s\u00fbr<\/strong>, votre satisfaction est notre priorit\u00e9. Bienvenue \u00e0 bord pour une exp\u00e9rience qui red\u00e9finit le voyage.<\/p>\n<p>&nbsp;<\/p>","protected":false},"excerpt":{"rendered":"<p>Voyagez S\u00fbr, Confort Total, Prix Mini ! Introduction \u00e0 un voyage de r\u00eave Dans l&rsquo;univers du voyage, o\u00f9 s\u00e9curit\u00e9, confort et budget constituent les piliers d&rsquo;une exp\u00e9rience r\u00e9ussie, la promesse d&rsquo;un p\u00e9riple sans pareil est le r\u00eave de tout un &hellip;<\/p>\n","protected":false},"author":1,"featured_media":2938,"comment_status":"closed","ping_status":"closed","sticky":false,"template":"","format":"standard","meta":{"footnotes":""},"categories":[59],"tags":[],"class_list":["post-2936","post","type-post","status-publish","format-standard","has-post-thumbnail","hentry","category-location-minibus-bruxelles"],"yoast_head":"<!-- This site is optimized with the Yoast SEO plugin v27.5 - https:\/\/yoast.com\/product\/yoast-seo-wordpress\/ -->\n<title>Voyagez S\u00fbr, Confort Total, Prix Mini !<\/title>\n<meta name=\"description\" content=\"(English) luxurious realms at competitive pricing, whether you&#039;re yearning for an enchanting Brussels excursion, a swift airport transfer\" \/>\n<meta name=\"robots\" content=\"index, follow, max-snippet:-1, max-image-preview:large, max-video-preview:-1\" \/>\n<link rel=\"canonical\" href=\"https:\/\/www.autocar.brussels\/location-minibus-bruxelles\/brussels-excursion\/\" \/>\n<meta property=\"og:locale\" content=\"fr_FR\" \/>\n<meta property=\"og:type\" content=\"article\" \/>\n<meta property=\"og:title\" content=\"Voyagez S\u00fbr, Confort Total, Prix Mini !\" \/>\n<meta property=\"og:description\" content=\"{:en}luxurious realms at competitive pricing, whether you&#039;re yearning for an enchanting Brussels excursion, a swift airport transfer{:}\" \/>\n<meta property=\"og:url\" content=\"https:\/\/www.autocar.brussels\/location-minibus-bruxelles\/brussels-excursion\/\" \/>\n<meta property=\"og:site_name\" content=\"Location minibus bruxelles\" \/>\n<meta property=\"article:publisher\" content=\"https:\/\/www.facebook.com\/LimostarLimousineServices\/\" \/>\n<meta property=\"article:published_time\" content=\"2024-03-11T15:54:07+00:00\" \/>\n<meta property=\"og:image\" content=\"https:\/\/www.autocar.brussels\/wp-content\/uploads\/2024\/03\/LOGO-AUTOCAR-BRUSSELS-PONCART-SUR-UNE-BUS-NOIRE.jpg\" \/>\n\t<meta property=\"og:image:width\" content=\"1600\" \/>\n\t<meta property=\"og:image:height\" content=\"1200\" \/>\n\t<meta property=\"og:image:type\" content=\"image\/jpeg\" \/>\n<meta name=\"author\" content=\"autocar\" \/>\n<meta name=\"twitter:card\" content=\"summary_large_image\" \/>\n<meta name=\"twitter:label1\" content=\"\u00c9crit par\" \/>\n\t<meta name=\"twitter:data1\" content=\"autocar\" \/>\n\t<meta name=\"twitter:label2\" content=\"Dur\u00e9e de lecture estim\u00e9e\" \/>\n\t<meta name=\"twitter:data2\" content=\"4 minutes\" \/>\n<script type=\"application\/ld+json\" class=\"yoast-schema-graph\">{\"@context\":\"https:\\\/\\\/schema.org\",\"@graph\":[{\"@type\":\"Article\",\"@id\":\"https:\\\/\\\/www.autocar.brussels\\\/location-minibus-bruxelles\\\/brussels-excursion\\\/#article\",\"isPartOf\":{\"@id\":\"https:\\\/\\\/www.autocar.brussels\\\/location-minibus-bruxelles\\\/brussels-excursion\\\/\"},\"author\":{\"name\":\"autocar\",\"@id\":\"https:\\\/\\\/www.autocar.brussels\\\/fr\\\/#\\\/schema\\\/person\\\/06e15f554d4a8ab041be4f7dbe700d0e\"},\"headline\":\"Voyagez S\u00fbr, Confort Total, Prix Mini !\",\"datePublished\":\"2024-03-11T15:54:07+00:00\",\"mainEntityOfPage\":{\"@id\":\"https:\\\/\\\/www.autocar.brussels\\\/location-minibus-bruxelles\\\/brussels-excursion\\\/\"},\"wordCount\":1346,\"publisher\":{\"@id\":\"https:\\\/\\\/www.autocar.brussels\\\/fr\\\/#organization\"},\"image\":{\"@id\":\"https:\\\/\\\/www.autocar.brussels\\\/location-minibus-bruxelles\\\/brussels-excursion\\\/#primaryimage\"},\"thumbnailUrl\":\"https:\\\/\\\/www.autocar.brussels\\\/wp-content\\\/uploads\\\/2024\\\/03\\\/LOGO-AUTOCAR-BRUSSELS-PONCART-SUR-UNE-BUS-NOIRE.jpg\",\"articleSection\":[\"location minibus bruxelles\"],\"inLanguage\":\"fr-FR\"},{\"@type\":\"WebPage\",\"@id\":\"https:\\\/\\\/www.autocar.brussels\\\/location-minibus-bruxelles\\\/brussels-excursion\\\/\",\"url\":\"https:\\\/\\\/www.autocar.brussels\\\/location-minibus-bruxelles\\\/brussels-excursion\\\/\",\"name\":\"Voyagez S\u00fbr, Confort Total, Prix Mini !\",\"isPartOf\":{\"@id\":\"https:\\\/\\\/www.autocar.brussels\\\/fr\\\/#website\"},\"primaryImageOfPage\":{\"@id\":\"https:\\\/\\\/www.autocar.brussels\\\/location-minibus-bruxelles\\\/brussels-excursion\\\/#primaryimage\"},\"image\":{\"@id\":\"https:\\\/\\\/www.autocar.brussels\\\/location-minibus-bruxelles\\\/brussels-excursion\\\/#primaryimage\"},\"thumbnailUrl\":\"https:\\\/\\\/www.autocar.brussels\\\/wp-content\\\/uploads\\\/2024\\\/03\\\/LOGO-AUTOCAR-BRUSSELS-PONCART-SUR-UNE-BUS-NOIRE.jpg\",\"datePublished\":\"2024-03-11T15:54:07+00:00\",\"description\":\"{:en}luxurious realms at competitive pricing, whether you're yearning for an enchanting Brussels excursion, a swift airport transfer{:}\",\"breadcrumb\":{\"@id\":\"https:\\\/\\\/www.autocar.brussels\\\/location-minibus-bruxelles\\\/brussels-excursion\\\/#breadcrumb\"},\"inLanguage\":\"fr-FR\",\"potentialAction\":[{\"@type\":\"ReadAction\",\"target\":[\"https:\\\/\\\/www.autocar.brussels\\\/location-minibus-bruxelles\\\/brussels-excursion\\\/\"]}]},{\"@type\":\"ImageObject\",\"inLanguage\":\"fr-FR\",\"@id\":\"https:\\\/\\\/www.autocar.brussels\\\/location-minibus-bruxelles\\\/brussels-excursion\\\/#primaryimage\",\"url\":\"https:\\\/\\\/www.autocar.brussels\\\/wp-content\\\/uploads\\\/2024\\\/03\\\/LOGO-AUTOCAR-BRUSSELS-PONCART-SUR-UNE-BUS-NOIRE.jpg\",\"contentUrl\":\"https:\\\/\\\/www.autocar.brussels\\\/wp-content\\\/uploads\\\/2024\\\/03\\\/LOGO-AUTOCAR-BRUSSELS-PONCART-SUR-UNE-BUS-NOIRE.jpg\",\"width\":1600,\"height\":1200,\"caption\":\"LE 10?MARS EN BELGIQUE AU CITIE DU BRUXELLES A 12 H AM UNE BUS NOIR EN PARKING\"},{\"@type\":\"BreadcrumbList\",\"@id\":\"https:\\\/\\\/www.autocar.brussels\\\/location-minibus-bruxelles\\\/brussels-excursion\\\/#breadcrumb\",\"itemListElement\":[{\"@type\":\"ListItem\",\"position\":1,\"name\":\"Accueil\",\"item\":\"https:\\\/\\\/www.autocar.brussels\\\/\"},{\"@type\":\"ListItem\",\"position\":2,\"name\":\"Voyagez S\u00fbr, Confort Total, Prix Mini !\"}]},{\"@type\":\"WebSite\",\"@id\":\"https:\\\/\\\/www.autocar.brussels\\\/fr\\\/#website\",\"url\":\"https:\\\/\\\/www.autocar.brussels\\\/fr\\\/\",\"name\":\"Location minibus bruxelles\",\"description\":\"Bus et autocar avec chauffeur en Belgique\",\"publisher\":{\"@id\":\"https:\\\/\\\/www.autocar.brussels\\\/fr\\\/#organization\"},\"potentialAction\":[{\"@type\":\"SearchAction\",\"target\":{\"@type\":\"EntryPoint\",\"urlTemplate\":\"https:\\\/\\\/www.autocar.brussels\\\/fr\\\/?s={search_term_string}\"},\"query-input\":{\"@type\":\"PropertyValueSpecification\",\"valueRequired\":true,\"valueName\":\"search_term_string\"}}],\"inLanguage\":\"fr-FR\"},{\"@type\":\"Organization\",\"@id\":\"https:\\\/\\\/www.autocar.brussels\\\/fr\\\/#organization\",\"name\":\"location minibus bruxelles\",\"alternateName\":\"Location Autocar Bruxelles\",\"url\":\"https:\\\/\\\/www.autocar.brussels\\\/fr\\\/\",\"logo\":{\"@type\":\"ImageObject\",\"inLanguage\":\"fr-FR\",\"@id\":\"https:\\\/\\\/www.autocar.brussels\\\/fr\\\/#\\\/schema\\\/logo\\\/image\\\/\",\"url\":\"https:\\\/\\\/www.autocar.brussels\\\/wp-content\\\/uploads\\\/2018\\\/01\\\/logo-limo-footer.png\",\"contentUrl\":\"https:\\\/\\\/www.autocar.brussels\\\/wp-content\\\/uploads\\\/2018\\\/01\\\/logo-limo-footer.png\",\"width\":177,\"height\":39,\"caption\":\"location minibus bruxelles\"},\"image\":{\"@id\":\"https:\\\/\\\/www.autocar.brussels\\\/fr\\\/#\\\/schema\\\/logo\\\/image\\\/\"},\"sameAs\":[\"https:\\\/\\\/www.facebook.com\\\/LimostarLimousineServices\\\/\"]},{\"@type\":\"Person\",\"@id\":\"https:\\\/\\\/www.autocar.brussels\\\/fr\\\/#\\\/schema\\\/person\\\/06e15f554d4a8ab041be4f7dbe700d0e\",\"name\":\"autocar\",\"image\":{\"@type\":\"ImageObject\",\"inLanguage\":\"fr-FR\",\"@id\":\"https:\\\/\\\/secure.gravatar.com\\\/avatar\\\/7254f19662f8ff2abcda48038b8c56b3deabbd52148ceeb10b339f200b855565?s=96&d=mm&r=g\",\"url\":\"https:\\\/\\\/secure.gravatar.com\\\/avatar\\\/7254f19662f8ff2abcda48038b8c56b3deabbd52148ceeb10b339f200b855565?s=96&d=mm&r=g\",\"contentUrl\":\"https:\\\/\\\/secure.gravatar.com\\\/avatar\\\/7254f19662f8ff2abcda48038b8c56b3deabbd52148ceeb10b339f200b855565?s=96&d=mm&r=g\",\"caption\":\"autocar\"}}]}<\/script>\n<!-- \/ Yoast SEO plugin. -->","yoast_head_json":{"title":"Voyagez S\u00fbr, Confort Total, Prix Mini !","description":"(English) luxurious realms at competitive pricing, whether you're yearning for an enchanting Brussels excursion, a swift airport transfer","robots":{"index":"index","follow":"follow","max-snippet":"max-snippet:-1","max-image-preview":"max-image-preview:large","max-video-preview":"max-video-preview:-1"},"canonical":"https:\/\/www.autocar.brussels\/location-minibus-bruxelles\/brussels-excursion\/","og_locale":"fr_FR","og_type":"article","og_title":"Voyagez S\u00fbr, Confort Total, Prix Mini !","og_description":"{:en}luxurious realms at competitive pricing, whether you're yearning for an enchanting Brussels excursion, a swift airport transfer{:}","og_url":"https:\/\/www.autocar.brussels\/location-minibus-bruxelles\/brussels-excursion\/","og_site_name":"Location minibus bruxelles","article_publisher":"https:\/\/www.facebook.com\/LimostarLimousineServices\/","article_published_time":"2024-03-11T15:54:07+00:00","og_image":[{"width":1600,"height":1200,"url":"https:\/\/www.autocar.brussels\/wp-content\/uploads\/2024\/03\/LOGO-AUTOCAR-BRUSSELS-PONCART-SUR-UNE-BUS-NOIRE.jpg","type":"image\/jpeg"}],"author":"autocar","twitter_card":"summary_large_image","twitter_misc":{"\u00c9crit par":"autocar","Dur\u00e9e de lecture estim\u00e9e":"4 minutes"},"schema":{"@context":"https:\/\/schema.org","@graph":[{"@type":"Article","@id":"https:\/\/www.autocar.brussels\/location-minibus-bruxelles\/brussels-excursion\/#article","isPartOf":{"@id":"https:\/\/www.autocar.brussels\/location-minibus-bruxelles\/brussels-excursion\/"},"author":{"name":"autocar","@id":"https:\/\/www.autocar.brussels\/fr\/#\/schema\/person\/06e15f554d4a8ab041be4f7dbe700d0e"},"headline":"Voyagez S\u00fbr, Confort Total, Prix Mini !","datePublished":"2024-03-11T15:54:07+00:00","mainEntityOfPage":{"@id":"https:\/\/www.autocar.brussels\/location-minibus-bruxelles\/brussels-excursion\/"},"wordCount":1346,"publisher":{"@id":"https:\/\/www.autocar.brussels\/fr\/#organization"},"image":{"@id":"https:\/\/www.autocar.brussels\/location-minibus-bruxelles\/brussels-excursion\/#primaryimage"},"thumbnailUrl":"https:\/\/www.autocar.brussels\/wp-content\/uploads\/2024\/03\/LOGO-AUTOCAR-BRUSSELS-PONCART-SUR-UNE-BUS-NOIRE.jpg","articleSection":["location minibus bruxelles"],"inLanguage":"fr-FR"},{"@type":"WebPage","@id":"https:\/\/www.autocar.brussels\/location-minibus-bruxelles\/brussels-excursion\/","url":"https:\/\/www.autocar.brussels\/location-minibus-bruxelles\/brussels-excursion\/","name":"Voyagez S\u00fbr, Confort Total, Prix Mini !","isPartOf":{"@id":"https:\/\/www.autocar.brussels\/fr\/#website"},"primaryImageOfPage":{"@id":"https:\/\/www.autocar.brussels\/location-minibus-bruxelles\/brussels-excursion\/#primaryimage"},"image":{"@id":"https:\/\/www.autocar.brussels\/location-minibus-bruxelles\/brussels-excursion\/#primaryimage"},"thumbnailUrl":"https:\/\/www.autocar.brussels\/wp-content\/uploads\/2024\/03\/LOGO-AUTOCAR-BRUSSELS-PONCART-SUR-UNE-BUS-NOIRE.jpg","datePublished":"2024-03-11T15:54:07+00:00","description":"{:en}luxurious realms at competitive pricing, whether you're yearning for an enchanting Brussels excursion, a swift airport transfer{:}","breadcrumb":{"@id":"https:\/\/www.autocar.brussels\/location-minibus-bruxelles\/brussels-excursion\/#breadcrumb"},"inLanguage":"fr-FR","potentialAction":[{"@type":"ReadAction","target":["https:\/\/www.autocar.brussels\/location-minibus-bruxelles\/brussels-excursion\/"]}]},{"@type":"ImageObject","inLanguage":"fr-FR","@id":"https:\/\/www.autocar.brussels\/location-minibus-bruxelles\/brussels-excursion\/#primaryimage","url":"https:\/\/www.autocar.brussels\/wp-content\/uploads\/2024\/03\/LOGO-AUTOCAR-BRUSSELS-PONCART-SUR-UNE-BUS-NOIRE.jpg","contentUrl":"https:\/\/www.autocar.brussels\/wp-content\/uploads\/2024\/03\/LOGO-AUTOCAR-BRUSSELS-PONCART-SUR-UNE-BUS-NOIRE.jpg","width":1600,"height":1200,"caption":"LE 10?MARS EN BELGIQUE AU CITIE DU BRUXELLES A 12 H AM UNE BUS NOIR EN PARKING"},{"@type":"BreadcrumbList","@id":"https:\/\/www.autocar.brussels\/location-minibus-bruxelles\/brussels-excursion\/#breadcrumb","itemListElement":[{"@type":"ListItem","position":1,"name":"Accueil","item":"https:\/\/www.autocar.brussels\/"},{"@type":"ListItem","position":2,"name":"Voyagez S\u00fbr, Confort Total, Prix Mini !"}]},{"@type":"WebSite","@id":"https:\/\/www.autocar.brussels\/fr\/#website","url":"https:\/\/www.autocar.brussels\/fr\/","name":"Location minibus bruxelles","description":"Bus et autocar avec chauffeur en Belgique","publisher":{"@id":"https:\/\/www.autocar.brussels\/fr\/#organization"},"potentialAction":[{"@type":"SearchAction","target":{"@type":"EntryPoint","urlTemplate":"https:\/\/www.autocar.brussels\/fr\/?s={search_term_string}"},"query-input":{"@type":"PropertyValueSpecification","valueRequired":true,"valueName":"search_term_string"}}],"inLanguage":"fr-FR"},{"@type":"Organization","@id":"https:\/\/www.autocar.brussels\/fr\/#organization","name":"location minibus bruxelles","alternateName":"Location Autocar Bruxelles","url":"https:\/\/www.autocar.brussels\/fr\/","logo":{"@type":"ImageObject","inLanguage":"fr-FR","@id":"https:\/\/www.autocar.brussels\/fr\/#\/schema\/logo\/image\/","url":"https:\/\/www.autocar.brussels\/wp-content\/uploads\/2018\/01\/logo-limo-footer.png","contentUrl":"https:\/\/www.autocar.brussels\/wp-content\/uploads\/2018\/01\/logo-limo-footer.png","width":177,"height":39,"caption":"location minibus bruxelles"},"image":{"@id":"https:\/\/www.autocar.brussels\/fr\/#\/schema\/logo\/image\/"},"sameAs":["https:\/\/www.facebook.com\/LimostarLimousineServices\/"]},{"@type":"Person","@id":"https:\/\/www.autocar.brussels\/fr\/#\/schema\/person\/06e15f554d4a8ab041be4f7dbe700d0e","name":"autocar","image":{"@type":"ImageObject","inLanguage":"fr-FR","@id":"https:\/\/secure.gravatar.com\/avatar\/7254f19662f8ff2abcda48038b8c56b3deabbd52148ceeb10b339f200b855565?s=96&d=mm&r=g","url":"https:\/\/secure.gravatar.com\/avatar\/7254f19662f8ff2abcda48038b8c56b3deabbd52148ceeb10b339f200b855565?s=96&d=mm&r=g","contentUrl":"https:\/\/secure.gravatar.com\/avatar\/7254f19662f8ff2abcda48038b8c56b3deabbd52148ceeb10b339f200b855565?s=96&d=mm&r=g","caption":"autocar"}}]}},"_links":{"self":[{"href":"https:\/\/www.autocar.brussels\/fr\/wp-json\/wp\/v2\/posts\/2936","targetHints":{"allow":["GET"]}}],"collection":[{"href":"https:\/\/www.autocar.brussels\/fr\/wp-json\/wp\/v2\/posts"}],"about":[{"href":"https:\/\/www.autocar.brussels\/fr\/wp-json\/wp\/v2\/types\/post"}],"author":[{"embeddable":true,"href":"https:\/\/www.autocar.brussels\/fr\/wp-json\/wp\/v2\/users\/1"}],"replies":[{"embeddable":true,"href":"https:\/\/www.autocar.brussels\/fr\/wp-json\/wp\/v2\/comments?post=2936"}],"version-history":[{"count":1,"href":"https:\/\/www.autocar.brussels\/fr\/wp-json\/wp\/v2\/posts\/2936\/revisions"}],"predecessor-version":[{"id":2939,"href":"https:\/\/www.autocar.brussels\/fr\/wp-json\/wp\/v2\/posts\/2936\/revisions\/2939"}],"wp:featuredmedia":[{"embeddable":true,"href":"https:\/\/www.autocar.brussels\/fr\/wp-json\/wp\/v2\/media\/2938"}],"wp:attachment":[{"href":"https:\/\/www.autocar.brussels\/fr\/wp-json\/wp\/v2\/media?parent=2936"}],"wp:term":[{"taxonomy":"category","embeddable":true,"href":"https:\/\/www.autocar.brussels\/fr\/wp-json\/wp\/v2\/categories?post=2936"},{"taxonomy":"post_tag","embeddable":true,"href":"https:\/\/www.autocar.brussels\/fr\/wp-json\/wp\/v2\/tags?post=2936"}],"curies":[{"name":"wp","href":"https:\/\/api.w.org\/{rel}","templated":true}]}}