{"id":2652,"date":"2023-09-22T01:17:38","date_gmt":"2023-09-21T23:17:38","guid":{"rendered":"https:\/\/www.autocar.brussels\/?p=2652"},"modified":"2023-09-23T18:12:17","modified_gmt":"2023-09-23T16:12:17","slug":"location-de-bus-bruxelles","status":"publish","type":"post","link":"https:\/\/www.autocar.brussels\/fr\/location-minibus-bruxelles\/location-de-bus-bruxelles\/","title":{"rendered":"Location de bus Bruxelles"},"content":{"rendered":"<p><\/p>\n<h2>Location de bus Bruxelles<\/h2>\n<p>Faites confiance \u00e0 une entreprise exp\u00e9riment\u00e9e en mati\u00e8re de\u00a0location de minibus\u00a0avec chauffeur priv\u00e9 pour vos mises \u00e0 dispositions et transferts.Vous trouverez des\u00a0locations de minibus\u00a0sur tout le territoire belge. Que vous viviez \u00e0 Ostende, Anvers, Gand,\u00a0Bruxelles, Mons, Charleroi, Namur ou Li\u00e8ge, il y aura toujours un v\u00e9hicule\u00a0 \u00e0 louer pr\u00e8s de chez vous.<\/p>\n<h3>Location de bus pour Clubs de sport<\/h3>\n<p>Louez un bus pour votre club de sport ou votre \u00e9quipe de supporteurs. Autocar brusseles Location vous emm\u00e8ne au prochain match \u00e0 prix imbattable vous soyez un professionnel ou un particulier, un club sportif ou une association culturelle,\u00a0 autocars avec chauffeur \u00e0 votre disposition pour tous vos besoins de transport en bus. Notre \u00e9quipe se tient \u00e0 votre disposition pour r\u00e9pondre \u00e0 vos questions<\/p>\n<h3>Location de bus pour mariages<\/h3>\n<p>trouvez des\u00a0bus\u00a0en\u00a0location pour\u00a0votre c\u00e9l\u00e9bration ainsi que des\u00a0minibus, des microbus ou des autocars a bruxelles Autocar brussels vous propose un service de\u00a0location de bus pour\u00a0votre\u00a0mariage\u00a0afin que vos invit\u00e9s profitent pleinement de l&rsquo;\u00e9v\u00e9nement.<\/p>\n<h4>location bus mariage prix<\/h4>\n<p>Les\u00a0prix\u00a0de location\u00a0 Autocar Brussels\u00a0sont tr\u00e8s comp\u00e9titifs,Louez un\u00a0bus\u00a0avec chauffeur pour rendre votre f\u00eate ou votre \u00e9v\u00e9nement inoubliable, alors n&rsquo;h\u00e9sitez pas \u00e0 estimer le\u00a0prix\u00a0de votre projet de\u00a0location\u00a0de\u00a0bus\u00a0pour le\u00a0mariage\u00a0!<a href=\"https:\/\/www.autocar.brussels\/tarif-location-autobus\/\"> Nos\u00a0prix\u00a0incluent la\u00a0location\u00a0du\u00a0bus\u00a0avec chauffeur et tous les frais<\/a><\/p>\n<h3>Location de bus pour voyages scolaires<\/h3>\n<p>Vous \u00eates professeur dans une \u00e9cole primaire, secondaire ou \u00e9cole technique en Bruxelles,vous \u00eates Agence de Voyages Organisation de voyages individuels, collectifs et d&rsquo;entreprise Belgique et Europe\u00a0Location Autocar met \u00e0 votre disposition une gamme d&rsquo;autocars adapt\u00e9es \u00e0 tout type de d\u00e9placements qui r\u00e9pondent parfaitement \u00e0 vos besoins au meilleur prix.<\/p>","protected":false},"excerpt":{"rendered":"<p>Location de bus Bruxelles Faites confiance \u00e0 une entreprise exp\u00e9riment\u00e9e en mati\u00e8re de\u00a0location de minibus\u00a0avec chauffeur priv\u00e9 pour vos mises \u00e0 dispositions et transferts.Vous trouverez des\u00a0locations de minibus\u00a0sur tout le territoire belge. Que vous viviez \u00e0 Ostende, Anvers, Gand,\u00a0Bruxelles, Mons, &hellip;<\/p>\n","protected":false},"author":1,"featured_media":0,"comment_status":"closed","ping_status":"closed","sticky":false,"template":"","format":"standard","meta":{"footnotes":""},"categories":[59],"tags":[],"class_list":["post-2652","post","type-post","status-publish","format-standard","hentry","category-location-minibus-bruxelles"],"yoast_head":"<!-- This site is optimized with the Yoast SEO plugin v27.5 - https:\/\/yoast.com\/product\/yoast-seo-wordpress\/ -->\n<title>Location de bus Bruxelles<\/title>\n<meta name=\"description\" content=\"Location minibus bruxelles Location de bus Bruxelles\" \/>\n<meta name=\"robots\" content=\"index, follow, max-snippet:-1, max-image-preview:large, max-video-preview:-1\" \/>\n<link rel=\"canonical\" href=\"https:\/\/www.autocar.brussels\/location-minibus-bruxelles\/location-de-bus-bruxelles\/\" \/>\n<meta property=\"og:locale\" content=\"fr_FR\" \/>\n<meta property=\"og:type\" content=\"article\" \/>\n<meta property=\"og:title\" content=\"Location de bus Bruxelles\" \/>\n<meta property=\"og:description\" content=\"Location minibus bruxelles Location de bus Bruxelles\" \/>\n<meta property=\"og:url\" content=\"https:\/\/www.autocar.brussels\/location-minibus-bruxelles\/location-de-bus-bruxelles\/\" \/>\n<meta property=\"og:site_name\" content=\"Location minibus bruxelles\" \/>\n<meta property=\"article:publisher\" content=\"https:\/\/www.facebook.com\/LimostarLimousineServices\/\" \/>\n<meta property=\"article:published_time\" content=\"2023-09-21T23:17:38+00:00\" \/>\n<meta property=\"article:modified_time\" content=\"2023-09-23T16:12:17+00:00\" \/>\n<meta property=\"og:image\" content=\"https:\/\/www.autocar.brussels\/wp-content\/uploads\/2021\/12\/chauffeur-de-bus-scaled.jpg\" \/>\n\t<meta property=\"og:image:width\" content=\"1280\" \/>\n\t<meta property=\"og:image:height\" content=\"864\" \/>\n\t<meta property=\"og:image:type\" content=\"image\/jpeg\" \/>\n<meta name=\"author\" content=\"autocar\" \/>\n<meta name=\"twitter:card\" content=\"summary_large_image\" \/>\n<meta name=\"twitter:label1\" content=\"\u00c9crit par\" \/>\n\t<meta name=\"twitter:data1\" content=\"autocar\" \/>\n\t<meta name=\"twitter:label2\" content=\"Dur\u00e9e de lecture estim\u00e9e\" \/>\n\t<meta name=\"twitter:data2\" content=\"2 minutes\" \/>\n<script type=\"application\/ld+json\" class=\"yoast-schema-graph\">{\"@context\":\"https:\\\/\\\/schema.org\",\"@graph\":[{\"@type\":\"Article\",\"@id\":\"https:\\\/\\\/www.autocar.brussels\\\/location-minibus-bruxelles\\\/location-de-bus-bruxelles\\\/#article\",\"isPartOf\":{\"@id\":\"https:\\\/\\\/www.autocar.brussels\\\/location-minibus-bruxelles\\\/location-de-bus-bruxelles\\\/\"},\"author\":{\"name\":\"autocar\",\"@id\":\"https:\\\/\\\/www.autocar.brussels\\\/fr\\\/#\\\/schema\\\/person\\\/06e15f554d4a8ab041be4f7dbe700d0e\"},\"headline\":\"Location de bus Bruxelles\",\"datePublished\":\"2023-09-21T23:17:38+00:00\",\"dateModified\":\"2023-09-23T16:12:17+00:00\",\"mainEntityOfPage\":{\"@id\":\"https:\\\/\\\/www.autocar.brussels\\\/location-minibus-bruxelles\\\/location-de-bus-bruxelles\\\/\"},\"wordCount\":585,\"publisher\":{\"@id\":\"https:\\\/\\\/www.autocar.brussels\\\/fr\\\/#organization\"},\"articleSection\":[\"location minibus bruxelles\"],\"inLanguage\":\"fr-FR\"},{\"@type\":\"WebPage\",\"@id\":\"https:\\\/\\\/www.autocar.brussels\\\/location-minibus-bruxelles\\\/location-de-bus-bruxelles\\\/\",\"url\":\"https:\\\/\\\/www.autocar.brussels\\\/location-minibus-bruxelles\\\/location-de-bus-bruxelles\\\/\",\"name\":\"Location de bus Bruxelles\",\"isPartOf\":{\"@id\":\"https:\\\/\\\/www.autocar.brussels\\\/fr\\\/#website\"},\"datePublished\":\"2023-09-21T23:17:38+00:00\",\"dateModified\":\"2023-09-23T16:12:17+00:00\",\"description\":\"Location minibus bruxelles Location de bus Bruxelles\",\"breadcrumb\":{\"@id\":\"https:\\\/\\\/www.autocar.brussels\\\/location-minibus-bruxelles\\\/location-de-bus-bruxelles\\\/#breadcrumb\"},\"inLanguage\":\"fr-FR\",\"potentialAction\":[{\"@type\":\"ReadAction\",\"target\":[\"https:\\\/\\\/www.autocar.brussels\\\/location-minibus-bruxelles\\\/location-de-bus-bruxelles\\\/\"]}]},{\"@type\":\"BreadcrumbList\",\"@id\":\"https:\\\/\\\/www.autocar.brussels\\\/location-minibus-bruxelles\\\/location-de-bus-bruxelles\\\/#breadcrumb\",\"itemListElement\":[{\"@type\":\"ListItem\",\"position\":1,\"name\":\"Accueil\",\"item\":\"https:\\\/\\\/www.autocar.brussels\\\/\"},{\"@type\":\"ListItem\",\"position\":2,\"name\":\"Location de bus Bruxelles\"}]},{\"@type\":\"WebSite\",\"@id\":\"https:\\\/\\\/www.autocar.brussels\\\/fr\\\/#website\",\"url\":\"https:\\\/\\\/www.autocar.brussels\\\/fr\\\/\",\"name\":\"Location minibus bruxelles\",\"description\":\"Bus et autocar avec chauffeur en Belgique\",\"publisher\":{\"@id\":\"https:\\\/\\\/www.autocar.brussels\\\/fr\\\/#organization\"},\"potentialAction\":[{\"@type\":\"SearchAction\",\"target\":{\"@type\":\"EntryPoint\",\"urlTemplate\":\"https:\\\/\\\/www.autocar.brussels\\\/fr\\\/?s={search_term_string}\"},\"query-input\":{\"@type\":\"PropertyValueSpecification\",\"valueRequired\":true,\"valueName\":\"search_term_string\"}}],\"inLanguage\":\"fr-FR\"},{\"@type\":\"Organization\",\"@id\":\"https:\\\/\\\/www.autocar.brussels\\\/fr\\\/#organization\",\"name\":\"location minibus bruxelles\",\"alternateName\":\"Location Autocar Bruxelles\",\"url\":\"https:\\\/\\\/www.autocar.brussels\\\/fr\\\/\",\"logo\":{\"@type\":\"ImageObject\",\"inLanguage\":\"fr-FR\",\"@id\":\"https:\\\/\\\/www.autocar.brussels\\\/fr\\\/#\\\/schema\\\/logo\\\/image\\\/\",\"url\":\"https:\\\/\\\/www.autocar.brussels\\\/wp-content\\\/uploads\\\/2018\\\/01\\\/logo-limo-footer.png\",\"contentUrl\":\"https:\\\/\\\/www.autocar.brussels\\\/wp-content\\\/uploads\\\/2018\\\/01\\\/logo-limo-footer.png\",\"width\":177,\"height\":39,\"caption\":\"location minibus bruxelles\"},\"image\":{\"@id\":\"https:\\\/\\\/www.autocar.brussels\\\/fr\\\/#\\\/schema\\\/logo\\\/image\\\/\"},\"sameAs\":[\"https:\\\/\\\/www.facebook.com\\\/LimostarLimousineServices\\\/\"]},{\"@type\":\"Person\",\"@id\":\"https:\\\/\\\/www.autocar.brussels\\\/fr\\\/#\\\/schema\\\/person\\\/06e15f554d4a8ab041be4f7dbe700d0e\",\"name\":\"autocar\",\"image\":{\"@type\":\"ImageObject\",\"inLanguage\":\"fr-FR\",\"@id\":\"https:\\\/\\\/secure.gravatar.com\\\/avatar\\\/7254f19662f8ff2abcda48038b8c56b3deabbd52148ceeb10b339f200b855565?s=96&d=mm&r=g\",\"url\":\"https:\\\/\\\/secure.gravatar.com\\\/avatar\\\/7254f19662f8ff2abcda48038b8c56b3deabbd52148ceeb10b339f200b855565?s=96&d=mm&r=g\",\"contentUrl\":\"https:\\\/\\\/secure.gravatar.com\\\/avatar\\\/7254f19662f8ff2abcda48038b8c56b3deabbd52148ceeb10b339f200b855565?s=96&d=mm&r=g\",\"caption\":\"autocar\"}}]}<\/script>\n<!-- \/ Yoast SEO plugin. -->","yoast_head_json":{"title":"Location de bus Bruxelles","description":"Location minibus bruxelles Location de bus Bruxelles","robots":{"index":"index","follow":"follow","max-snippet":"max-snippet:-1","max-image-preview":"max-image-preview:large","max-video-preview":"max-video-preview:-1"},"canonical":"https:\/\/www.autocar.brussels\/location-minibus-bruxelles\/location-de-bus-bruxelles\/","og_locale":"fr_FR","og_type":"article","og_title":"Location de bus Bruxelles","og_description":"Location minibus bruxelles Location de bus Bruxelles","og_url":"https:\/\/www.autocar.brussels\/location-minibus-bruxelles\/location-de-bus-bruxelles\/","og_site_name":"Location minibus bruxelles","article_publisher":"https:\/\/www.facebook.com\/LimostarLimousineServices\/","article_published_time":"2023-09-21T23:17:38+00:00","article_modified_time":"2023-09-23T16:12:17+00:00","og_image":[{"width":1280,"height":864,"url":"https:\/\/www.autocar.brussels\/wp-content\/uploads\/2021\/12\/chauffeur-de-bus-scaled.jpg","type":"image\/jpeg"}],"author":"autocar","twitter_card":"summary_large_image","twitter_misc":{"\u00c9crit par":"autocar","Dur\u00e9e de lecture estim\u00e9e":"2 minutes"},"schema":{"@context":"https:\/\/schema.org","@graph":[{"@type":"Article","@id":"https:\/\/www.autocar.brussels\/location-minibus-bruxelles\/location-de-bus-bruxelles\/#article","isPartOf":{"@id":"https:\/\/www.autocar.brussels\/location-minibus-bruxelles\/location-de-bus-bruxelles\/"},"author":{"name":"autocar","@id":"https:\/\/www.autocar.brussels\/fr\/#\/schema\/person\/06e15f554d4a8ab041be4f7dbe700d0e"},"headline":"Location de bus Bruxelles","datePublished":"2023-09-21T23:17:38+00:00","dateModified":"2023-09-23T16:12:17+00:00","mainEntityOfPage":{"@id":"https:\/\/www.autocar.brussels\/location-minibus-bruxelles\/location-de-bus-bruxelles\/"},"wordCount":585,"publisher":{"@id":"https:\/\/www.autocar.brussels\/fr\/#organization"},"articleSection":["location minibus bruxelles"],"inLanguage":"fr-FR"},{"@type":"WebPage","@id":"https:\/\/www.autocar.brussels\/location-minibus-bruxelles\/location-de-bus-bruxelles\/","url":"https:\/\/www.autocar.brussels\/location-minibus-bruxelles\/location-de-bus-bruxelles\/","name":"Location de bus Bruxelles","isPartOf":{"@id":"https:\/\/www.autocar.brussels\/fr\/#website"},"datePublished":"2023-09-21T23:17:38+00:00","dateModified":"2023-09-23T16:12:17+00:00","description":"Location minibus bruxelles Location de bus Bruxelles","breadcrumb":{"@id":"https:\/\/www.autocar.brussels\/location-minibus-bruxelles\/location-de-bus-bruxelles\/#breadcrumb"},"inLanguage":"fr-FR","potentialAction":[{"@type":"ReadAction","target":["https:\/\/www.autocar.brussels\/location-minibus-bruxelles\/location-de-bus-bruxelles\/"]}]},{"@type":"BreadcrumbList","@id":"https:\/\/www.autocar.brussels\/location-minibus-bruxelles\/location-de-bus-bruxelles\/#breadcrumb","itemListElement":[{"@type":"ListItem","position":1,"name":"Accueil","item":"https:\/\/www.autocar.brussels\/"},{"@type":"ListItem","position":2,"name":"Location de bus Bruxelles"}]},{"@type":"WebSite","@id":"https:\/\/www.autocar.brussels\/fr\/#website","url":"https:\/\/www.autocar.brussels\/fr\/","name":"Location minibus bruxelles","description":"Bus et autocar avec chauffeur en Belgique","publisher":{"@id":"https:\/\/www.autocar.brussels\/fr\/#organization"},"potentialAction":[{"@type":"SearchAction","target":{"@type":"EntryPoint","urlTemplate":"https:\/\/www.autocar.brussels\/fr\/?s={search_term_string}"},"query-input":{"@type":"PropertyValueSpecification","valueRequired":true,"valueName":"search_term_string"}}],"inLanguage":"fr-FR"},{"@type":"Organization","@id":"https:\/\/www.autocar.brussels\/fr\/#organization","name":"location minibus bruxelles","alternateName":"Location Autocar Bruxelles","url":"https:\/\/www.autocar.brussels\/fr\/","logo":{"@type":"ImageObject","inLanguage":"fr-FR","@id":"https:\/\/www.autocar.brussels\/fr\/#\/schema\/logo\/image\/","url":"https:\/\/www.autocar.brussels\/wp-content\/uploads\/2018\/01\/logo-limo-footer.png","contentUrl":"https:\/\/www.autocar.brussels\/wp-content\/uploads\/2018\/01\/logo-limo-footer.png","width":177,"height":39,"caption":"location minibus bruxelles"},"image":{"@id":"https:\/\/www.autocar.brussels\/fr\/#\/schema\/logo\/image\/"},"sameAs":["https:\/\/www.facebook.com\/LimostarLimousineServices\/"]},{"@type":"Person","@id":"https:\/\/www.autocar.brussels\/fr\/#\/schema\/person\/06e15f554d4a8ab041be4f7dbe700d0e","name":"autocar","image":{"@type":"ImageObject","inLanguage":"fr-FR","@id":"https:\/\/secure.gravatar.com\/avatar\/7254f19662f8ff2abcda48038b8c56b3deabbd52148ceeb10b339f200b855565?s=96&d=mm&r=g","url":"https:\/\/secure.gravatar.com\/avatar\/7254f19662f8ff2abcda48038b8c56b3deabbd52148ceeb10b339f200b855565?s=96&d=mm&r=g","contentUrl":"https:\/\/secure.gravatar.com\/avatar\/7254f19662f8ff2abcda48038b8c56b3deabbd52148ceeb10b339f200b855565?s=96&d=mm&r=g","caption":"autocar"}}]}},"_links":{"self":[{"href":"https:\/\/www.autocar.brussels\/fr\/wp-json\/wp\/v2\/posts\/2652","targetHints":{"allow":["GET"]}}],"collection":[{"href":"https:\/\/www.autocar.brussels\/fr\/wp-json\/wp\/v2\/posts"}],"about":[{"href":"https:\/\/www.autocar.brussels\/fr\/wp-json\/wp\/v2\/types\/post"}],"author":[{"embeddable":true,"href":"https:\/\/www.autocar.brussels\/fr\/wp-json\/wp\/v2\/users\/1"}],"replies":[{"embeddable":true,"href":"https:\/\/www.autocar.brussels\/fr\/wp-json\/wp\/v2\/comments?post=2652"}],"version-history":[{"count":7,"href":"https:\/\/www.autocar.brussels\/fr\/wp-json\/wp\/v2\/posts\/2652\/revisions"}],"predecessor-version":[{"id":2930,"href":"https:\/\/www.autocar.brussels\/fr\/wp-json\/wp\/v2\/posts\/2652\/revisions\/2930"}],"wp:attachment":[{"href":"https:\/\/www.autocar.brussels\/fr\/wp-json\/wp\/v2\/media?parent=2652"}],"wp:term":[{"taxonomy":"category","embeddable":true,"href":"https:\/\/www.autocar.brussels\/fr\/wp-json\/wp\/v2\/categories?post=2652"},{"taxonomy":"post_tag","embeddable":true,"href":"https:\/\/www.autocar.brussels\/fr\/wp-json\/wp\/v2\/tags?post=2652"}],"curies":[{"name":"wp","href":"https:\/\/api.w.org\/{rel}","templated":true}]}}