{"id":2987,"date":"2026-04-16T15:37:27","date_gmt":"2026-04-16T13:37:27","guid":{"rendered":"https:\/\/www.autocar.brussels\/?p=2987"},"modified":"2026-04-16T16:27:27","modified_gmt":"2026-04-16T14:27:27","slug":"location-dautocar-avec-chauffeur-a-bruxelles-une-legere-hausse-des-prix-liee-a-la-crise-du-golfe","status":"publish","type":"post","link":"https:\/\/www.autocar.brussels\/en\/location-minibus-bruxelles\/location-dautocar-avec-chauffeur-a-bruxelles-une-legere-hausse-des-prix-liee-a-la-crise-du-golfe\/","title":{"rendered":"(Fran\u00e7ais) Location d\u2019autocar avec chauffeur \u00e0 Bruxelles une l\u00e9g\u00e8re hausse des prix li\u00e9e \u00e0 la crise du Golfe"},"content":{"rendered":"<p class=\"qtranxs-available-languages-message qtranxs-available-languages-message-en\">Sorry, this entry is only available in <a href=\"https:\/\/www.autocar.brussels\/fr\/wp-json\/wp\/v2\/posts\/2987\" class=\"qtranxs-available-language-link qtranxs-available-language-link-fr\" title=\"Fran\u00e7ais\">Fran\u00e7ais<\/a>. For the sake of viewer convenience, the content is shown below in the alternative language. You may click the link to switch the active language.<\/p><p><\/p>\n<div class=\"@container isolate\">\n<div class=\"bg-base p-md @3xl:p-lg erp-sidecar:pt-0 erp-mobile-sidecar:pt-lg erp-mobile-sidecar:pb-[100px]\">\n<div class=\"mx-auto flex flex-col pointer-events-auto max-w-threadContentWidth gap-md md:gap-lg\">\n<div class=\"flex flex-col\">\n<div class=\"flex flex-col gap-md @3xl:gap-lg w-full pt-md @3xl:pt-lg\">\n<div class=\"w-full\">\n<div class=\"w-full flex flex-col\">\n<div id=\"radix-_r_9_-content-default\" class=\"focus:outline-none\" tabindex=\"0\" role=\"tabpanel\" data-state=\"active\" data-orientation=\"horizontal\" aria-labelledby=\"radix-_r_9_-trigger-default\">\n<div class=\"flex flex-col @3xl:gap-y-lg gap-y-md\">\n<div class=\"gap-y-sm flex flex-col\">\n<div>\n<div class=\"relative font-sans text-base text-foreground selection:bg-super\/50 selection:text-foreground dark:selection:bg-super\/10 dark:selection:text-super\">\n<div class=\"min-w-0 break-words [word-break:break-word]\">\n<div id=\"markdown-content-2\" class=\"gap-y-md after:clear-both after:block after:content-['']\" dir=\"auto\" lang=\"es\">\n<div class=\"has-inline-images my-2 first:mt-0 [&amp;:has([data-inline-type=image])+&amp;:has([data-inline-type=image])_[data-inline-type=image]]:hidden [&amp;:has(table)_[data-inline-type=image]]:hidden\">\n<div>\n<div class=\"prose dark:prose-invert inline leading-relaxed break-words min-w-0 [word-break:break-word] prose-strong:font-bold [&amp;_&gt;*:first-child]:mt-0 [&amp;_&gt;*:last-child]:mb-0\">\n<div data-renderer=\"lm\">\n<h2 class=\"my-2 [&amp;+p]:mt-4 [&amp;_strong:has(+br)]:inline-block [&amp;_strong:has(+br)]:pb-2\"><strong>Les prix de location d\u2019autocars avec chauffeur \u00e0 Bruxelles augmentent l\u00e9g\u00e8rement<\/strong><\/h2>\n<h2 id=\"introduction\" class=\"font-editorial font-bold mb-2 mt-4 [.has-inline-images_&amp;]:clear-end text-lg first:mt-0 md:text-lg [hr+&amp;]:mt-4\">Introduction<\/h2>\n<p class=\"my-2 [&amp;+p]:mt-4 [&amp;_strong:has(+br)]:inline-block [&amp;_strong:has(+br)]:pb-2\">\u00c0 Bruxelles, le transport priv\u00e9 reste une solution pratique et confortable pour les groupes, les entreprises et les \u00e9v\u00e9nements. Ces derniers temps, les prix de location d\u2019autocars avec chauffeur connaissent une l\u00e9g\u00e8re hausse, notamment en raison de la crise du Golfe et de l\u2019\u00e9volution du co\u00fbt du carburant.<\/p>\n<h3 class=\"my-2 [&amp;+p]:mt-4 [&amp;_strong:has(+br)]:inline-block [&amp;_strong:has(+br)]:pb-2\">Pourquoi le transport priv\u00e9 reste essentiel \u00e0 Bruxelles<\/h3>\n<p class=\"my-2 [&amp;+p]:mt-4 [&amp;_strong:has(+br)]:inline-block [&amp;_strong:has(+br)]:pb-2\">Le transport priv\u00e9 occupe une place importante dans la mobilit\u00e9 \u00e0 Bruxelles. Il r\u00e9pond aux besoins des entreprises, des agences, des \u00e9coles et des groupes qui recherchent une solution fiable, souple et confortable.<\/p>\n<p class=\"my-2 [&amp;+p]:mt-4 [&amp;_strong:has(+br)]:inline-block [&amp;_strong:has(+br)]:pb-2\">Dans une ville aussi active que Bruxelles, disposer d\u2019un autocar avec chauffeur permet de simplifier les d\u00e9placements tout en garantissant un service organis\u00e9 et professionnel.<\/p>\n<h2 id=\"h2--la-crise-du-golfe-et-son-impact-sur-les-tarifs\" class=\"font-editorial font-bold mb-2 mt-4 [.has-inline-images_&amp;]:clear-end text-lg first:mt-0 md:text-lg [hr+&amp;]:mt-4\">La crise du Golfe et son impact sur les tarifs<\/h2>\n<p class=\"my-2 [&amp;+p]:mt-4 [&amp;_strong:has(+br)]:inline-block [&amp;_strong:has(+br)]:pb-2\">La crise du Golfe a entra\u00een\u00e9 des tensions sur le march\u00e9 de l\u2019\u00e9nergie, ce qui a eu un effet direct sur le prix du carburant. Pour les soci\u00e9t\u00e9s de transport, cette hausse se r\u00e9percute sur les co\u00fbts d\u2019exploitation.<\/p>\n<p class=\"my-2 [&amp;+p]:mt-4 [&amp;_strong:has(+br)]:inline-block [&amp;_strong:has(+br)]:pb-2\">M\u00eame si l\u2019augmentation reste mod\u00e9r\u00e9e, elle oblige les entreprises \u00e0 ajuster leurs tarifs afin de continuer \u00e0 offrir un service de qualit\u00e9, ponctuel et s\u00e9curis\u00e9.<\/p>\n<h2 id=\"h2--une-hausse-lgre-mais-logique\" class=\"font-editorial font-bold mb-2 mt-4 [.has-inline-images_&amp;]:clear-end text-lg first:mt-0 md:text-lg [hr+&amp;]:mt-4\">Une hausse l\u00e9g\u00e8re, mais logique<\/h2>\n<p class=\"my-2 [&amp;+p]:mt-4 [&amp;_strong:has(+br)]:inline-block [&amp;_strong:has(+br)]:pb-2\">Les prix de location d\u2019autocars avec chauffeur \u00e0 Bruxelles n\u2019ont pas explos\u00e9, mais ils ont l\u00e9g\u00e8rement augment\u00e9 pour suivre l\u2019\u00e9volution des charges. Cette adaptation permet de maintenir un bon niveau de service tout en absorbant une partie des co\u00fbts suppl\u00e9mentaires.<\/p>\n<p class=\"my-2 [&amp;+p]:mt-4 [&amp;_strong:has(+br)]:inline-block [&amp;_strong:has(+br)]:pb-2\">Pour les clients, cela signifie toujours un service comp\u00e9titif, avec un devis adapt\u00e9 selon la dur\u00e9e, la distance et le type de v\u00e9hicule.<\/p>\n<h2 id=\"h2--des-services-toujours-avantageux\" class=\"font-editorial font-bold mb-2 mt-4 [.has-inline-images_&amp;]:clear-end text-lg first:mt-0 md:text-lg [hr+&amp;]:mt-4\">Des services toujours avantageux<\/h2>\n<p class=\"my-2 [&amp;+p]:mt-4 [&amp;_strong:has(+br)]:inline-block [&amp;_strong:has(+br)]:pb-2\">Malgr\u00e9 cette hausse, la location d\u2019autocar avec chauffeur reste une solution int\u00e9ressante pour les d\u00e9placements en groupe. Elle offre plusieurs avantages :<\/p>\n<ul class=\"marker:text-quiet list-disc pl-8\">\n<li class=\"py-0 my-0 prose-p:pt-0 prose-p:mb-2 prose-p:my-0 [&amp;&gt;p]:pt-0 [&amp;&gt;p]:mb-2 [&amp;&gt;p]:my-0\">\n<p class=\"my-2 [&amp;+p]:mt-4 [&amp;_strong:has(+br)]:inline-block [&amp;_strong:has(+br)]:pb-2\">Un chauffeur professionnel \u00e0 disposition.<\/p>\n<\/li>\n<li class=\"py-0 my-0 prose-p:pt-0 prose-p:mb-2 prose-p:my-0 [&amp;&gt;p]:pt-0 [&amp;&gt;p]:mb-2 [&amp;&gt;p]:my-0\">\n<p class=\"my-2 [&amp;+p]:mt-4 [&amp;_strong:has(+br)]:inline-block [&amp;_strong:has(+br)]:pb-2\">Un trajet confortable et s\u00e9curis\u00e9.<\/p>\n<\/li>\n<li class=\"py-0 my-0 prose-p:pt-0 prose-p:mb-2 prose-p:my-0 [&amp;&gt;p]:pt-0 [&amp;&gt;p]:mb-2 [&amp;&gt;p]:my-0\">\n<p class=\"my-2 [&amp;+p]:mt-4 [&amp;_strong:has(+br)]:inline-block [&amp;_strong:has(+br)]:pb-2\">Une organisation simple et efficace.<\/p>\n<\/li>\n<li class=\"py-0 my-0 prose-p:pt-0 prose-p:mb-2 prose-p:my-0 [&amp;&gt;p]:pt-0 [&amp;&gt;p]:mb-2 [&amp;&gt;p]:my-0\">\n<p class=\"my-2 [&amp;+p]:mt-4 [&amp;_strong:has(+br)]:inline-block [&amp;_strong:has(+br)]:pb-2\">Un bon rapport qualit\u00e9-prix pour les groupes.<\/p>\n<\/li>\n<\/ul>\n<p class=\"my-2 [&amp;+p]:mt-4 [&amp;_strong:has(+br)]:inline-block [&amp;_strong:has(+br)]:pb-2\">Ce type de transport est id\u00e9al pour les transferts d\u2019entreprise, les sorties scolaires, les excursions et les \u00e9v\u00e9nements priv\u00e9s.<\/p>\n<h2 id=\"h2--une-offre-pense-pour-les-besoins-des-clients\" class=\"font-editorial font-bold mb-2 mt-4 [.has-inline-images_&amp;]:clear-end text-lg first:mt-0 md:text-lg [hr+&amp;]:mt-4\">Une offre pens\u00e9e pour les besoins des clients<\/h2>\n<p class=\"my-2 [&amp;+p]:mt-4 [&amp;_strong:has(+br)]:inline-block [&amp;_strong:has(+br)]:pb-2\"><a href=\"http:\/\/bus.brussels\">Les entreprises de transport priv\u00e9 \u00e0 Bruxelle<\/a>s mettent g\u00e9n\u00e9ralement en avant la transparence des tarifs, la rapidit\u00e9 des devis et l\u2019adaptation des services aux besoins de chaque client.<\/p>\n<p class=\"my-2 [&amp;+p]:mt-4 [&amp;_strong:has(+br)]:inline-block [&amp;_strong:has(+br)]:pb-2\">Cette approche permet de proposer une solution sur mesure, tout en gardant une image professionnelle et rassurante.<\/p>\n<h2 id=\"conclusion\" class=\"font-editorial font-bold mb-2 mt-4 [.has-inline-images_&amp;]:clear-end text-lg first:mt-0 md:text-lg [hr+&amp;]:mt-4\">Conclusion<\/h2>\n<p class=\"my-2 [&amp;+p]:mt-4 [&amp;_strong:has(+br)]:inline-block [&amp;_strong:has(+br)]:pb-2\">La l\u00e9g\u00e8re augmentation des prix de location d\u2019autocars avec chauffeur \u00e0 Bruxelles <a href=\"http:\/\/annonce.brussels\">s\u2019explique par un contexte \u00e9nerg\u00e9tique<\/a> tendu li\u00e9 \u00e0 la crise du Golfe. Malgr\u00e9 cela, le transport priv\u00e9 reste une solution fiable, confortable et toujours tr\u00e8s utile pour les groupes.<\/p>\n<p class=\"my-2 [&amp;+p]:mt-4 [&amp;_strong:has(+br)]:inline-block [&amp;_strong:has(+br)]:pb-2\">\n<\/div>\n<\/div>\n<\/div>\n<\/div>\n<\/div>\n<\/div>\n<\/div>\n<\/div>\n<div class=\"flex items-center justify-between\">\n<div class=\"-ml-sm gap-xs flex flex-shrink-0 items-center\">\n<div class=\"rounded-full\"><\/div>\n<\/div>\n<div class=\"gap-x-xs flex flex-shrink-0 items-center\">\n<div aria-haspopup=\"dialog\" aria-expanded=\"false\" aria-controls=\"radix-_r_5c_\" data-state=\"closed\">\n<div class=\"border-subtlest ring-subtlest divide-subtlest flex items-center gap-xs\"><\/div>\n<\/div>\n<div><\/div>\n<\/div>\n<\/div>\n<div class=\"mt-md\">\n<div class=\"border-subtlest ring-subtlest divide-subtlest\">\n<div class=\"border-subtlest ring-subtlest divide-subtlest bg-base flex items-center justify-between\">\n<div class=\"flex w-full items-center justify-between mb-md\">\n<div class=\"\">\n<div class=\"space-x-sm flex items-center\"><\/div>\n<\/div>\n<\/div>\n<\/div>\n<div class=\"divide-y border-t border-subtlest ring-subtlest divide-subtlest\">\n<div class=\"flex min-w-0 flex-1 flex-col items-start gap-xs md:flex-row md:gap-8\">\n<div class=\"md:group-hover:!text-super duration-quick min-w-0 flex-1 transition-all font-sans text-base text-foreground text-start selection:bg-super\/50 selection:text-foreground dark:selection:bg-super\/10 dark:selection:text-super\"><\/div>\n<\/div>\n<div class=\"ml-xs duration-quick md:group-hover:!text-super inline-flex shrink-0 translate-y-two transition-all font-sans text-base font-medium text-quiet selection:bg-super\/50 selection:text-foreground dark:selection:bg-super\/10 dark:selection:text-super\"><\/div>\n<div class=\"flex min-w-0 flex-1 flex-col items-start gap-xs md:flex-row md:gap-8\"><\/div>\n<\/div>\n<\/div>\n<\/div>\n<\/div>\n<\/div>\n<\/div>\n<\/div>\n<\/div>\n<\/div>\n<\/div>\n<\/div>\n<\/div>\n<\/div>\n<div class=\"bottom-safeAreaInsetBottom z-10 pointer-events-none p-md inset-x-0 w-full md:w-auto absolute\">\n<div class=\"mx-auto flex flex-col pointer-events-auto max-w-threadContentWidth gap-sm\">\n<div class=\"pointer-events-auto\">\n<div>\n<div class=\"w-full\">\n<div class=\"relative\">\n<div class=\"bg-base rounded-2xl\" data-ask-input-container=\"true\">\n<div class=\"relative z-[1] -mb-[20px] rounded-t-2xl py-sm pb-[28px] px-3 border-subtlest ring-subtlest divide-subtlest bg-quiet flex items-center gap-sm\" role=\"status\">\n<div class=\"flex items-center gap-2 font-sans text-base text-quiet selection:bg-super\/50 selection:text-foreground dark:selection:bg-super\/10 dark:selection:text-super\"><\/div>\n<\/div>\n<div class=\"shadow-[0_1px_8px_2px_oklch(var(--foreground-color)\/0.05),0_36px_16px_36px_oklch(var(--background-base-color))] dark:shadow-[0_4px_12px_rgba(0,0,0,0.12),0_32px_16px_36px_oklch(var(--dark-background-base-color))] relative rounded-2xl z-[2] border-subtlest ring-subtlest divide-subtlest bg-base\">\n<div class=\"\">\n<div class=\"relative rounded-2xl\">\n<div class=\"bg-raised dark:bg-subtlest w-full outline-none flex items-center border rounded-2xl duration-75 transition-all border-subtle shadow-sm dark:shadow-md shadow-black\/5 px-0 pt-3 pb-3 gap-y-md grid items-center\">\n<div class=\"px-3 grid-rows-1fr-auto grid grid-cols-[1fr_auto]\">\n<div class=\"overflow-hidden relative flex h-full col-start-1 col-end-3 pb-2 ml-2 mt-1\">\n<div class=\"w-full\">\n<div id=\"ask-input\" class=\"overflow-auto max-h-[45vh] lg:max-h-[40vh] sm:max-h-[25vh] outline-none font-sans resize-none caret-super selection:bg-super\/30 selection:text-foreground dark:selection:bg-super\/10 dark:selection:text-super text-foreground bg-transparent placeholder-quieter placeholder:select-none scrollbar-subtle size-full\" role=\"textbox\" contenteditable=\"true\" spellcheck=\"true\" aria-placeholder=\"Solicitar seguimiento\" data-lexical-editor=\"true\"><\/div>\n<\/div>\n<\/div>\n<\/div>\n<\/div>\n<\/div>\n<\/div>\n<\/div>\n<\/div>\n<\/div>\n<\/div>\n<\/div>\n<\/div>\n<\/div>\n<\/div>\n<p><\/p>","protected":false},"excerpt":{"rendered":"<p class=\"qtranxs-available-languages-message qtranxs-available-languages-message-en\">Sorry, this entry is only available in <a href=\"https:\/\/www.autocar.brussels\/fr\/wp-json\/wp\/v2\/posts\/2987\" class=\"qtranxs-available-language-link qtranxs-available-language-link-fr\" title=\"Fran\u00e7ais\">Fran\u00e7ais<\/a>. For the sake of viewer convenience, the content is shown below in the alternative language. You may click the link to switch the active language.<\/p>\n<p>Location d\u2019autocar avec chauffeur \u00e0 Bruxelles : une l\u00e9g\u00e8re hausse des prix li\u00e9e \u00e0 la crise du Golfe<\/p>\n","protected":false},"author":1,"featured_media":2988,"comment_status":"closed","ping_status":"closed","sticky":false,"template":"","format":"standard","meta":{"footnotes":""},"categories":[59],"tags":[],"class_list":["post-2987","post","type-post","status-publish","format-standard","has-post-thumbnail","hentry","category-location-minibus-bruxelles"],"yoast_head":"<!-- This site is optimized with the Yoast SEO plugin v27.5 - https:\/\/yoast.com\/product\/yoast-seo-wordpress\/ -->\n<title>(Fran\u00e7ais) Location d\u2019autocar Bruxelles une l\u00e9g\u00e8re hausse des prix<\/title>\n<meta name=\"description\" content=\"(Fran\u00e7ais) D\u00e9couvrez pourquoi les prix de location d\u2019autocar avec chauffeur \u00e0 Bruxelles augmentent l\u00e9g\u00e8rement les services de transport priv\u00e9.\" \/>\n<meta name=\"robots\" content=\"index, follow, max-snippet:-1, max-image-preview:large, max-video-preview:-1\" \/>\n<link rel=\"canonical\" href=\"https:\/\/www.autocar.brussels\/location-minibus-bruxelles\/location-dautocar-avec-chauffeur-a-bruxelles-une-legere-hausse-des-prix-liee-a-la-crise-du-golfe\/\" \/>\n<meta property=\"og:locale\" content=\"en_US\" \/>\n<meta property=\"og:type\" content=\"article\" \/>\n<meta property=\"og:title\" content=\"[:fr]Location d\u2019autocar Bruxelles une l\u00e9g\u00e8re hausse des prix [:]\" \/>\n<meta property=\"og:description\" content=\"{:fr}D\u00e9couvrez pourquoi les prix de location d\u2019autocar avec chauffeur \u00e0 Bruxelles augmentent l\u00e9g\u00e8rement les services de transport priv\u00e9.{:}\" \/>\n<meta property=\"og:url\" content=\"https:\/\/www.autocar.brussels\/location-minibus-bruxelles\/location-dautocar-avec-chauffeur-a-bruxelles-une-legere-hausse-des-prix-liee-a-la-crise-du-golfe\/\" \/>\n<meta property=\"og:site_name\" content=\"Minibus with Driver Coach Hire in Belgium\" \/>\n<meta property=\"article:publisher\" content=\"https:\/\/www.facebook.com\/LimostarLimousineServices\/\" \/>\n<meta property=\"article:published_time\" content=\"2026-04-16T13:37:27+00:00\" \/>\n<meta property=\"article:modified_time\" content=\"2026-04-16T14:27:27+00:00\" \/>\n<meta property=\"og:image\" content=\"https:\/\/www.autocar.brussels\/wp-content\/uploads\/2026\/04\/Les-prix-de-location-dautocars-avec-chauffeur-a-Bruxelles-augmentent-legerement.jpg\" \/>\n\t<meta property=\"og:image:width\" content=\"1344\" \/>\n\t<meta property=\"og:image:height\" content=\"768\" \/>\n\t<meta property=\"og:image:type\" content=\"image\/jpeg\" \/>\n<meta name=\"author\" content=\"autocar\" \/>\n<meta name=\"twitter:card\" content=\"summary_large_image\" \/>\n<meta name=\"twitter:label1\" content=\"Written by\" \/>\n\t<meta name=\"twitter:data1\" content=\"autocar\" \/>\n\t<meta name=\"twitter:label2\" content=\"Est. reading time\" \/>\n\t<meta name=\"twitter:data2\" content=\"3 minutes\" \/>\n<script type=\"application\/ld+json\" class=\"yoast-schema-graph\">{\"@context\":\"https:\\\/\\\/schema.org\",\"@graph\":[{\"@type\":\"Article\",\"@id\":\"https:\\\/\\\/www.autocar.brussels\\\/location-minibus-bruxelles\\\/location-dautocar-avec-chauffeur-a-bruxelles-une-legere-hausse-des-prix-liee-a-la-crise-du-golfe\\\/#article\",\"isPartOf\":{\"@id\":\"https:\\\/\\\/www.autocar.brussels\\\/location-minibus-bruxelles\\\/location-dautocar-avec-chauffeur-a-bruxelles-une-legere-hausse-des-prix-liee-a-la-crise-du-golfe\\\/\"},\"author\":{\"name\":\"autocar\",\"@id\":\"https:\\\/\\\/www.autocar.brussels\\\/fr\\\/#\\\/schema\\\/person\\\/06e15f554d4a8ab041be4f7dbe700d0e\"},\"headline\":\"(Fran\u00e7ais) Location d\u2019autocar avec chauffeur \u00e0 Bruxelles une l\u00e9g\u00e8re hausse des prix li\u00e9e \u00e0 la crise du Golfe\",\"datePublished\":\"2026-04-16T13:37:27+00:00\",\"dateModified\":\"2026-04-16T14:27:27+00:00\",\"mainEntityOfPage\":{\"@id\":\"https:\\\/\\\/www.autocar.brussels\\\/location-minibus-bruxelles\\\/location-dautocar-avec-chauffeur-a-bruxelles-une-legere-hausse-des-prix-liee-a-la-crise-du-golfe\\\/\"},\"wordCount\":493,\"publisher\":{\"@id\":\"https:\\\/\\\/www.autocar.brussels\\\/fr\\\/#organization\"},\"image\":{\"@id\":\"https:\\\/\\\/www.autocar.brussels\\\/location-minibus-bruxelles\\\/location-dautocar-avec-chauffeur-a-bruxelles-une-legere-hausse-des-prix-liee-a-la-crise-du-golfe\\\/#primaryimage\"},\"thumbnailUrl\":\"https:\\\/\\\/www.autocar.brussels\\\/wp-content\\\/uploads\\\/2026\\\/04\\\/Les-prix-de-location-dautocars-avec-chauffeur-a-Bruxelles-augmentent-legerement.jpg\",\"articleSection\":[\"\"],\"inLanguage\":\"en-US\"},{\"@type\":\"WebPage\",\"@id\":\"https:\\\/\\\/www.autocar.brussels\\\/location-minibus-bruxelles\\\/location-dautocar-avec-chauffeur-a-bruxelles-une-legere-hausse-des-prix-liee-a-la-crise-du-golfe\\\/\",\"url\":\"https:\\\/\\\/www.autocar.brussels\\\/location-minibus-bruxelles\\\/location-dautocar-avec-chauffeur-a-bruxelles-une-legere-hausse-des-prix-liee-a-la-crise-du-golfe\\\/\",\"name\":\"[:fr]Location d\u2019autocar Bruxelles une l\u00e9g\u00e8re hausse des prix [:]\",\"isPartOf\":{\"@id\":\"https:\\\/\\\/www.autocar.brussels\\\/fr\\\/#website\"},\"primaryImageOfPage\":{\"@id\":\"https:\\\/\\\/www.autocar.brussels\\\/location-minibus-bruxelles\\\/location-dautocar-avec-chauffeur-a-bruxelles-une-legere-hausse-des-prix-liee-a-la-crise-du-golfe\\\/#primaryimage\"},\"image\":{\"@id\":\"https:\\\/\\\/www.autocar.brussels\\\/location-minibus-bruxelles\\\/location-dautocar-avec-chauffeur-a-bruxelles-une-legere-hausse-des-prix-liee-a-la-crise-du-golfe\\\/#primaryimage\"},\"thumbnailUrl\":\"https:\\\/\\\/www.autocar.brussels\\\/wp-content\\\/uploads\\\/2026\\\/04\\\/Les-prix-de-location-dautocars-avec-chauffeur-a-Bruxelles-augmentent-legerement.jpg\",\"datePublished\":\"2026-04-16T13:37:27+00:00\",\"dateModified\":\"2026-04-16T14:27:27+00:00\",\"description\":\"{:fr}D\u00e9couvrez pourquoi les prix de location d\u2019autocar avec chauffeur \u00e0 Bruxelles augmentent l\u00e9g\u00e8rement les services de transport priv\u00e9.{:}\",\"breadcrumb\":{\"@id\":\"https:\\\/\\\/www.autocar.brussels\\\/location-minibus-bruxelles\\\/location-dautocar-avec-chauffeur-a-bruxelles-une-legere-hausse-des-prix-liee-a-la-crise-du-golfe\\\/#breadcrumb\"},\"inLanguage\":\"en-US\",\"potentialAction\":[{\"@type\":\"ReadAction\",\"target\":[\"https:\\\/\\\/www.autocar.brussels\\\/location-minibus-bruxelles\\\/location-dautocar-avec-chauffeur-a-bruxelles-une-legere-hausse-des-prix-liee-a-la-crise-du-golfe\\\/\"]}]},{\"@type\":\"ImageObject\",\"inLanguage\":\"en-US\",\"@id\":\"https:\\\/\\\/www.autocar.brussels\\\/location-minibus-bruxelles\\\/location-dautocar-avec-chauffeur-a-bruxelles-une-legere-hausse-des-prix-liee-a-la-crise-du-golfe\\\/#primaryimage\",\"url\":\"https:\\\/\\\/www.autocar.brussels\\\/wp-content\\\/uploads\\\/2026\\\/04\\\/Les-prix-de-location-dautocars-avec-chauffeur-a-Bruxelles-augmentent-legerement.jpg\",\"contentUrl\":\"https:\\\/\\\/www.autocar.brussels\\\/wp-content\\\/uploads\\\/2026\\\/04\\\/Les-prix-de-location-dautocars-avec-chauffeur-a-Bruxelles-augmentent-legerement.jpg\",\"width\":1344,\"height\":768,\"caption\":\"une bus blanche devant automium a bruxelles\"},{\"@type\":\"BreadcrumbList\",\"@id\":\"https:\\\/\\\/www.autocar.brussels\\\/location-minibus-bruxelles\\\/location-dautocar-avec-chauffeur-a-bruxelles-une-legere-hausse-des-prix-liee-a-la-crise-du-golfe\\\/#breadcrumb\",\"itemListElement\":[{\"@type\":\"ListItem\",\"position\":1,\"name\":\"Accueil\",\"item\":\"https:\\\/\\\/www.autocar.brussels\\\/\"},{\"@type\":\"ListItem\",\"position\":2,\"name\":\"Location d\u2019autocar avec chauffeur \u00e0 Bruxelles une l\u00e9g\u00e8re hausse des prix li\u00e9e \u00e0 la crise du Golfe\"}]},{\"@type\":\"WebSite\",\"@id\":\"https:\\\/\\\/www.autocar.brussels\\\/fr\\\/#website\",\"url\":\"https:\\\/\\\/www.autocar.brussels\\\/fr\\\/\",\"name\":\"Minibus with Driver Coach Hire in Belgium\",\"description\":\"Coach, Minibus &amp; Bus Hire in Brussel\",\"publisher\":{\"@id\":\"https:\\\/\\\/www.autocar.brussels\\\/fr\\\/#organization\"},\"potentialAction\":[{\"@type\":\"SearchAction\",\"target\":{\"@type\":\"EntryPoint\",\"urlTemplate\":\"https:\\\/\\\/www.autocar.brussels\\\/fr\\\/?s={search_term_string}\"},\"query-input\":{\"@type\":\"PropertyValueSpecification\",\"valueRequired\":true,\"valueName\":\"search_term_string\"}}],\"inLanguage\":\"en-US\"},{\"@type\":\"Organization\",\"@id\":\"https:\\\/\\\/www.autocar.brussels\\\/fr\\\/#organization\",\"name\":\"location minibus bruxelles\",\"alternateName\":\"Location Autocar Bruxelles\",\"url\":\"https:\\\/\\\/www.autocar.brussels\\\/fr\\\/\",\"logo\":{\"@type\":\"ImageObject\",\"inLanguage\":\"en-US\",\"@id\":\"https:\\\/\\\/www.autocar.brussels\\\/fr\\\/#\\\/schema\\\/logo\\\/image\\\/\",\"url\":\"https:\\\/\\\/www.autocar.brussels\\\/wp-content\\\/uploads\\\/2018\\\/01\\\/logo-limo-footer.png\",\"contentUrl\":\"https:\\\/\\\/www.autocar.brussels\\\/wp-content\\\/uploads\\\/2018\\\/01\\\/logo-limo-footer.png\",\"width\":177,\"height\":39,\"caption\":\"location minibus bruxelles\"},\"image\":{\"@id\":\"https:\\\/\\\/www.autocar.brussels\\\/fr\\\/#\\\/schema\\\/logo\\\/image\\\/\"},\"sameAs\":[\"https:\\\/\\\/www.facebook.com\\\/LimostarLimousineServices\\\/\"]},{\"@type\":\"Person\",\"@id\":\"https:\\\/\\\/www.autocar.brussels\\\/fr\\\/#\\\/schema\\\/person\\\/06e15f554d4a8ab041be4f7dbe700d0e\",\"name\":\"autocar\",\"image\":{\"@type\":\"ImageObject\",\"inLanguage\":\"en-US\",\"@id\":\"https:\\\/\\\/secure.gravatar.com\\\/avatar\\\/7254f19662f8ff2abcda48038b8c56b3deabbd52148ceeb10b339f200b855565?s=96&d=mm&r=g\",\"url\":\"https:\\\/\\\/secure.gravatar.com\\\/avatar\\\/7254f19662f8ff2abcda48038b8c56b3deabbd52148ceeb10b339f200b855565?s=96&d=mm&r=g\",\"contentUrl\":\"https:\\\/\\\/secure.gravatar.com\\\/avatar\\\/7254f19662f8ff2abcda48038b8c56b3deabbd52148ceeb10b339f200b855565?s=96&d=mm&r=g\",\"caption\":\"autocar\"}}]}<\/script>\n<!-- \/ Yoast SEO plugin. -->","yoast_head_json":{"title":"(Fran\u00e7ais) Location d\u2019autocar Bruxelles une l\u00e9g\u00e8re hausse des prix","description":"(Fran\u00e7ais) D\u00e9couvrez pourquoi les prix de location d\u2019autocar avec chauffeur \u00e0 Bruxelles augmentent l\u00e9g\u00e8rement les services de transport priv\u00e9.","robots":{"index":"index","follow":"follow","max-snippet":"max-snippet:-1","max-image-preview":"max-image-preview:large","max-video-preview":"max-video-preview:-1"},"canonical":"https:\/\/www.autocar.brussels\/location-minibus-bruxelles\/location-dautocar-avec-chauffeur-a-bruxelles-une-legere-hausse-des-prix-liee-a-la-crise-du-golfe\/","og_locale":"en_US","og_type":"article","og_title":"[:fr]Location d\u2019autocar Bruxelles une l\u00e9g\u00e8re hausse des prix [:]","og_description":"{:fr}D\u00e9couvrez pourquoi les prix de location d\u2019autocar avec chauffeur \u00e0 Bruxelles augmentent l\u00e9g\u00e8rement les services de transport priv\u00e9.{:}","og_url":"https:\/\/www.autocar.brussels\/location-minibus-bruxelles\/location-dautocar-avec-chauffeur-a-bruxelles-une-legere-hausse-des-prix-liee-a-la-crise-du-golfe\/","og_site_name":"Minibus with Driver Coach Hire in Belgium","article_publisher":"https:\/\/www.facebook.com\/LimostarLimousineServices\/","article_published_time":"2026-04-16T13:37:27+00:00","article_modified_time":"2026-04-16T14:27:27+00:00","og_image":[{"width":1344,"height":768,"url":"https:\/\/www.autocar.brussels\/wp-content\/uploads\/2026\/04\/Les-prix-de-location-dautocars-avec-chauffeur-a-Bruxelles-augmentent-legerement.jpg","type":"image\/jpeg"}],"author":"autocar","twitter_card":"summary_large_image","twitter_misc":{"Written by":"autocar","Est. reading time":"3 minutes"},"schema":{"@context":"https:\/\/schema.org","@graph":[{"@type":"Article","@id":"https:\/\/www.autocar.brussels\/location-minibus-bruxelles\/location-dautocar-avec-chauffeur-a-bruxelles-une-legere-hausse-des-prix-liee-a-la-crise-du-golfe\/#article","isPartOf":{"@id":"https:\/\/www.autocar.brussels\/location-minibus-bruxelles\/location-dautocar-avec-chauffeur-a-bruxelles-une-legere-hausse-des-prix-liee-a-la-crise-du-golfe\/"},"author":{"name":"autocar","@id":"https:\/\/www.autocar.brussels\/fr\/#\/schema\/person\/06e15f554d4a8ab041be4f7dbe700d0e"},"headline":"(Fran\u00e7ais) Location d\u2019autocar avec chauffeur \u00e0 Bruxelles une l\u00e9g\u00e8re hausse des prix li\u00e9e \u00e0 la crise du Golfe","datePublished":"2026-04-16T13:37:27+00:00","dateModified":"2026-04-16T14:27:27+00:00","mainEntityOfPage":{"@id":"https:\/\/www.autocar.brussels\/location-minibus-bruxelles\/location-dautocar-avec-chauffeur-a-bruxelles-une-legere-hausse-des-prix-liee-a-la-crise-du-golfe\/"},"wordCount":493,"publisher":{"@id":"https:\/\/www.autocar.brussels\/fr\/#organization"},"image":{"@id":"https:\/\/www.autocar.brussels\/location-minibus-bruxelles\/location-dautocar-avec-chauffeur-a-bruxelles-une-legere-hausse-des-prix-liee-a-la-crise-du-golfe\/#primaryimage"},"thumbnailUrl":"https:\/\/www.autocar.brussels\/wp-content\/uploads\/2026\/04\/Les-prix-de-location-dautocars-avec-chauffeur-a-Bruxelles-augmentent-legerement.jpg","articleSection":[""],"inLanguage":"en-US"},{"@type":"WebPage","@id":"https:\/\/www.autocar.brussels\/location-minibus-bruxelles\/location-dautocar-avec-chauffeur-a-bruxelles-une-legere-hausse-des-prix-liee-a-la-crise-du-golfe\/","url":"https:\/\/www.autocar.brussels\/location-minibus-bruxelles\/location-dautocar-avec-chauffeur-a-bruxelles-une-legere-hausse-des-prix-liee-a-la-crise-du-golfe\/","name":"[:fr]Location d\u2019autocar Bruxelles une l\u00e9g\u00e8re hausse des prix [:]","isPartOf":{"@id":"https:\/\/www.autocar.brussels\/fr\/#website"},"primaryImageOfPage":{"@id":"https:\/\/www.autocar.brussels\/location-minibus-bruxelles\/location-dautocar-avec-chauffeur-a-bruxelles-une-legere-hausse-des-prix-liee-a-la-crise-du-golfe\/#primaryimage"},"image":{"@id":"https:\/\/www.autocar.brussels\/location-minibus-bruxelles\/location-dautocar-avec-chauffeur-a-bruxelles-une-legere-hausse-des-prix-liee-a-la-crise-du-golfe\/#primaryimage"},"thumbnailUrl":"https:\/\/www.autocar.brussels\/wp-content\/uploads\/2026\/04\/Les-prix-de-location-dautocars-avec-chauffeur-a-Bruxelles-augmentent-legerement.jpg","datePublished":"2026-04-16T13:37:27+00:00","dateModified":"2026-04-16T14:27:27+00:00","description":"{:fr}D\u00e9couvrez pourquoi les prix de location d\u2019autocar avec chauffeur \u00e0 Bruxelles augmentent l\u00e9g\u00e8rement les services de transport priv\u00e9.{:}","breadcrumb":{"@id":"https:\/\/www.autocar.brussels\/location-minibus-bruxelles\/location-dautocar-avec-chauffeur-a-bruxelles-une-legere-hausse-des-prix-liee-a-la-crise-du-golfe\/#breadcrumb"},"inLanguage":"en-US","potentialAction":[{"@type":"ReadAction","target":["https:\/\/www.autocar.brussels\/location-minibus-bruxelles\/location-dautocar-avec-chauffeur-a-bruxelles-une-legere-hausse-des-prix-liee-a-la-crise-du-golfe\/"]}]},{"@type":"ImageObject","inLanguage":"en-US","@id":"https:\/\/www.autocar.brussels\/location-minibus-bruxelles\/location-dautocar-avec-chauffeur-a-bruxelles-une-legere-hausse-des-prix-liee-a-la-crise-du-golfe\/#primaryimage","url":"https:\/\/www.autocar.brussels\/wp-content\/uploads\/2026\/04\/Les-prix-de-location-dautocars-avec-chauffeur-a-Bruxelles-augmentent-legerement.jpg","contentUrl":"https:\/\/www.autocar.brussels\/wp-content\/uploads\/2026\/04\/Les-prix-de-location-dautocars-avec-chauffeur-a-Bruxelles-augmentent-legerement.jpg","width":1344,"height":768,"caption":"une bus blanche devant automium a bruxelles"},{"@type":"BreadcrumbList","@id":"https:\/\/www.autocar.brussels\/location-minibus-bruxelles\/location-dautocar-avec-chauffeur-a-bruxelles-une-legere-hausse-des-prix-liee-a-la-crise-du-golfe\/#breadcrumb","itemListElement":[{"@type":"ListItem","position":1,"name":"Accueil","item":"https:\/\/www.autocar.brussels\/"},{"@type":"ListItem","position":2,"name":"Location d\u2019autocar avec chauffeur \u00e0 Bruxelles une l\u00e9g\u00e8re hausse des prix li\u00e9e \u00e0 la crise du Golfe"}]},{"@type":"WebSite","@id":"https:\/\/www.autocar.brussels\/fr\/#website","url":"https:\/\/www.autocar.brussels\/fr\/","name":"Minibus with Driver Coach Hire in Belgium","description":"Coach, Minibus &amp; Bus Hire in Brussel","publisher":{"@id":"https:\/\/www.autocar.brussels\/fr\/#organization"},"potentialAction":[{"@type":"SearchAction","target":{"@type":"EntryPoint","urlTemplate":"https:\/\/www.autocar.brussels\/fr\/?s={search_term_string}"},"query-input":{"@type":"PropertyValueSpecification","valueRequired":true,"valueName":"search_term_string"}}],"inLanguage":"en-US"},{"@type":"Organization","@id":"https:\/\/www.autocar.brussels\/fr\/#organization","name":"location minibus bruxelles","alternateName":"Location Autocar Bruxelles","url":"https:\/\/www.autocar.brussels\/fr\/","logo":{"@type":"ImageObject","inLanguage":"en-US","@id":"https:\/\/www.autocar.brussels\/fr\/#\/schema\/logo\/image\/","url":"https:\/\/www.autocar.brussels\/wp-content\/uploads\/2018\/01\/logo-limo-footer.png","contentUrl":"https:\/\/www.autocar.brussels\/wp-content\/uploads\/2018\/01\/logo-limo-footer.png","width":177,"height":39,"caption":"location minibus bruxelles"},"image":{"@id":"https:\/\/www.autocar.brussels\/fr\/#\/schema\/logo\/image\/"},"sameAs":["https:\/\/www.facebook.com\/LimostarLimousineServices\/"]},{"@type":"Person","@id":"https:\/\/www.autocar.brussels\/fr\/#\/schema\/person\/06e15f554d4a8ab041be4f7dbe700d0e","name":"autocar","image":{"@type":"ImageObject","inLanguage":"en-US","@id":"https:\/\/secure.gravatar.com\/avatar\/7254f19662f8ff2abcda48038b8c56b3deabbd52148ceeb10b339f200b855565?s=96&d=mm&r=g","url":"https:\/\/secure.gravatar.com\/avatar\/7254f19662f8ff2abcda48038b8c56b3deabbd52148ceeb10b339f200b855565?s=96&d=mm&r=g","contentUrl":"https:\/\/secure.gravatar.com\/avatar\/7254f19662f8ff2abcda48038b8c56b3deabbd52148ceeb10b339f200b855565?s=96&d=mm&r=g","caption":"autocar"}}]}},"_links":{"self":[{"href":"https:\/\/www.autocar.brussels\/en\/wp-json\/wp\/v2\/posts\/2987","targetHints":{"allow":["GET"]}}],"collection":[{"href":"https:\/\/www.autocar.brussels\/en\/wp-json\/wp\/v2\/posts"}],"about":[{"href":"https:\/\/www.autocar.brussels\/en\/wp-json\/wp\/v2\/types\/post"}],"author":[{"embeddable":true,"href":"https:\/\/www.autocar.brussels\/en\/wp-json\/wp\/v2\/users\/1"}],"replies":[{"embeddable":true,"href":"https:\/\/www.autocar.brussels\/en\/wp-json\/wp\/v2\/comments?post=2987"}],"version-history":[{"count":0,"href":"https:\/\/www.autocar.brussels\/en\/wp-json\/wp\/v2\/posts\/2987\/revisions"}],"wp:featuredmedia":[{"embeddable":true,"href":"https:\/\/www.autocar.brussels\/en\/wp-json\/wp\/v2\/media\/2988"}],"wp:attachment":[{"href":"https:\/\/www.autocar.brussels\/en\/wp-json\/wp\/v2\/media?parent=2987"}],"wp:term":[{"taxonomy":"category","embeddable":true,"href":"https:\/\/www.autocar.brussels\/en\/wp-json\/wp\/v2\/categories?post=2987"},{"taxonomy":"post_tag","embeddable":true,"href":"https:\/\/www.autocar.brussels\/en\/wp-json\/wp\/v2\/tags?post=2987"}],"curies":[{"name":"wp","href":"https:\/\/api.w.org\/{rel}","templated":true}]}}